{"id":6925,"date":"2022-06-30T11:25:32","date_gmt":"2022-06-30T09:25:32","guid":{"rendered":"https:\/\/lacolmenatecnologica.com\/kit-par-defaut-delementor\/"},"modified":"2026-09-02T22:51:52","modified_gmt":"2026-09-02T20:51:52","slug":"kit-par-defaut-delementor","status":"publish","type":"post","link":"https:\/\/lacolmenatecnologica.com\/fr\/kit-par-defaut-delementor\/","title":{"rendered":"Kit par d\u00e9faut d\u2019Elementor"},"content":{"rendered":"\n<h2 class=\"wp-block-heading\">Vid\u00e9o pas \u00e0 pas<\/h2>\n\n<figure class=\"wp-block-embed is-type-video is-provider-youtube wp-block-embed-youtube wp-embed-aspect-16-9 wp-has-aspect-ratio\"><div class=\"wp-block-embed__wrapper\">\n<iframe loading=\"lazy\" title=\"Configuracion global con el kit por defecto de Elementor\" width=\"500\" height=\"281\" src=\"https:\/\/www.youtube.com\/embed\/pYHDPcxkBcA?start=3&amp;feature=oembed\" frameborder=\"0\" allow=\"accelerometer; autoplay; clipboard-write; encrypted-media; gyroscope; picture-in-picture; web-share\" referrerpolicy=\"strict-origin-when-cross-origin\" allowfullscreen><\/iframe>\n<\/div><\/figure>\n\n<h2 class=\"wp-block-heading\">Qu\u2019est-ce que le kit par d\u00e9faut d\u2019Elementor ?<\/h2>\n\n<p class=\"wp-block-paragraph\">Elementor utilise un mod\u00e8le appel\u00e9 <strong>Kit par d\u00e9faut<\/strong>, disponible dans la biblioth\u00e8que de mod\u00e8les, et qu\u2019il utilise pour stocker toutes les valeurs de style globales du site web. Toutes les pr\u00e9f\u00e9rences de polices, couleurs, formulaires, boutons et de nombreuses autres configurations se trouvent dans ce mod\u00e8le et peuvent \u00eatre modifi\u00e9es depuis les <strong>R\u00e9glages du site<\/strong>. <\/p>\n\n<blockquote class=\"wp-block-quote is-layout-flow wp-block-quote-is-layout-flow\">\n<p class=\"wp-block-paragraph\">Ce kit est n\u00e9cessaire pour que les styles d\u2019Elementor fonctionnent correctement.<\/p>\n<\/blockquote>\n\n<p class=\"wp-block-paragraph\"><strong>En principe, par d\u00e9faut, ces r\u00e9glages de style ne s\u2019appliqueront qu\u2019aux \u00e9l\u00e9ments qui ne proviennent pas d\u2019Elementor<\/strong>, par exemple les champs de paiement de WooCommerce, les libell\u00e9s de Contact Form 7, des en-t\u00eates tiers et bien plus encore, mais nous pouvons configurer Elementor pour qu\u2019il remplace les r\u00e9glages de style du th\u00e8me et prenne leur place, ce qui vous permettra d\u2019utiliser Elementor pour d\u00e9finir des styles pour les \u00e9l\u00e9ments cr\u00e9\u00e9s avec Elementor.<\/p>\n\n<h2 class=\"wp-block-heading\" id=\"0-aplicar-estilos-de-tema-a-los-elementos-de-elementor\">D\u00e9finir les styles du th\u00e8me via Elementor<\/h2>\n\n<p class=\"wp-block-paragraph\">Les couleurs et les styles de police sont d\u00e9finis par d\u00e9faut par le th\u00e8me que vous avez install\u00e9. Selon le th\u00e8me que vous utilisez, ces r\u00e9glages peuvent \u00eatre modifi\u00e9s depuis le menu <em>Apparence &gt; Personnaliser<\/em> et, dans d\u2019autres cas, depuis <em>Apparence &gt; Options du th\u00e8me (Theme Options)<\/em>.   <\/p>\n\n<p class=\"wp-block-paragraph\">Sur certains th\u00e8mes, comme celui d\u2019Elementor lui-m\u00eame appel\u00e9 <a href=\"https:\/\/elementor.com\/hello-theme\/\" target=\"_blank\" rel=\"noreferrer noopener\">Hello Elementor<\/a> (que vous pouvez trouver gratuitement dans le r\u00e9pertoire WordPress), ces options de configuration ne sont pas incluses ; Elementor applique alors une configuration par d\u00e9faut des couleurs et des polices.<\/p>\n\n<p class=\"wp-block-paragraph\">Si nous voulons prendre le contr\u00f4le et pouvoir modifier cette configuration globale du site web depuis le constructeur Elementor lui-m\u00eame, au lieu d\u2019utiliser celle d\u00e9finie par le th\u00e8me ou celle fournie par d\u00e9faut dans Elementor, nous devons d\u00e9sactiver les couleurs et les polices par d\u00e9faut en suivant ces \u00e9tapes :<\/p>\n\n<figure class=\"wp-block-image size-full\"><a href=\"https:\/\/lacolmenatecnologica.com\/wp-content\/uploads\/2025\/12\/aplicar-estilos-de-tema-a-los-elementos-de-elementor.gif\"><img loading=\"lazy\" decoding=\"async\" width=\"1920\" height=\"908\" src=\"https:\/\/lacolmenatecnologica.com\/wp-content\/uploads\/2025\/12\/aplicar-estilos-de-tema-a-los-elementos-de-elementor.gif\" alt=\"Appliquer les styles du th&#xE8;me aux &#xE9;l&#xE9;ments Elementor\" class=\"wp-image-4791\"\/><\/a><\/figure>\n\n<div style=\"height:20px\" aria-hidden=\"true\" class=\"wp-block-spacer\"><\/div>\n\n<ol class=\"wp-block-list\">\n<li>Acc\u00e9dez \u00e0 <strong>Elementor<\/strong> &gt; <strong>R\u00e9glages<\/strong><\/li>\n\n\n\n<li>Dans l\u2019onglet <strong>G\u00e9n\u00e9ral<\/strong>, activez ces deux cases\n<ul class=\"wp-block-list\">\n<li><strong>D\u00e9sactiver les couleurs par d\u00e9faut<\/strong><\/li>\n\n\n\n<li><strong>D\u00e9sactiver les polices par d\u00e9faut<\/strong><\/li>\n<\/ul>\n<\/li>\n\n\n\n<li>Enfin, cliquez sur le bouton <strong>Enregistrer les modifications<\/strong><\/li>\n<\/ol>\n\n<h2 class=\"wp-block-heading\" id=\"1-c%C3%B3mo-establecer-estilos-de-tema\">Comment d\u00e9finir les styles du th\u00e8me<\/h2>\n\n<p class=\"wp-block-paragraph\">Une fois les couleurs et les polices par d\u00e9faut d\u00e9sactiv\u00e9es, nous pouvons cr\u00e9er notre propre configuration pour l\u2019ensemble du site web depuis les <em>R\u00e9glages du site<\/em>. Toutes ces informations sont enregistr\u00e9es dans un mod\u00e8le appel\u00e9 <strong>Kit par d\u00e9faut<\/strong>. Nous pouvons acc\u00e9der \u00e0 cette configuration depuis n\u2019importe quelle page en ouvrant le constructeur Elementor et en suivant ces \u00e9tapes : <\/p>\n\n<h2 class=\"wp-block-heading\" id=\"desde-el-constructor-de-elementor\">Depuis le constructeur Elementor<\/h2>\n\n<figure class=\"wp-block-image size-full\"><a href=\"https:\/\/lacolmenatecnologica.com\/wp-content\/uploads\/2025\/12\/ajustes-del-sitio.gif\"><img loading=\"lazy\" decoding=\"async\" width=\"1920\" height=\"908\" src=\"https:\/\/lacolmenatecnologica.com\/wp-content\/uploads\/2025\/12\/ajustes-del-sitio.gif\" alt=\"R&#xE9;glages du site\" class=\"wp-image-4792\"\/><\/a><\/figure>\n\n<div style=\"height:20px\" aria-hidden=\"true\" class=\"wp-block-spacer\"><\/div>\n\n<ol class=\"wp-block-list\">\n<li>Lancez le constructeur Elementor en ouvrant n\u2019importe quelle page.<\/li>\n\n\n\n<li>Cliquez sur le menu Hamburger <img loading=\"lazy\" decoding=\"async\" width=\"25\" height=\"18\" class=\"wp-image-4785\" style=\"width: 25px;\" src=\"https:\/\/lacolmenatecnologica.com\/wp-content\/uploads\/2025\/12\/menu-hamburguesa.jpg\" alt=\"Menu hamburger\"\/> dans le coin sup\u00e9rieur gauche.<\/li>\n\n\n\n<li>Ensuite, cliquez sur <strong>R\u00e9glages du site<\/strong>.<\/li>\n<\/ol>\n\n<p class=\"wp-block-paragraph\">Le style du th\u00e8me comporte quatre onglets : <em>Typographie<\/em>, <em>Boutons<\/em>, <em>Images<\/em> et <em>Champs de formulaire<\/em>.<\/p>\n\n<h3 class=\"wp-block-heading\" id=\"editando-plantilla-kit-por-defecto-25b5e337-e9e3-480c-a88e-70071f879a5d\">Modification du mod\u00e8le \u00ab Kit par d\u00e9faut \u00bb<\/h3>\n\n<p class=\"wp-block-paragraph\">Dans les deux cas, le pr\u00e9c\u00e9dent et celui-ci, la configuration que nous d\u00e9finirons sera enregistr\u00e9e dans le mod\u00e8le appel\u00e9 <em>Kit par d\u00e9faut<\/em>. Mais dans ce cas, nous allons voir comment, en modifiant ce mod\u00e8le, nous acc\u00e9dons directement aux <em>R\u00e9glages du site<\/em>.   <\/p>\n\n<figure class=\"wp-block-image size-full\"><a href=\"https:\/\/lacolmenatecnologica.com\/wp-content\/uploads\/2025\/12\/Editar-plantilla-kit-por-defecto.gif\"><img loading=\"lazy\" decoding=\"async\" width=\"1920\" height=\"908\" src=\"https:\/\/lacolmenatecnologica.com\/wp-content\/uploads\/2025\/12\/Editar-plantilla-kit-por-defecto.gif\" alt=\"Modification du mod&#xE8;le &#xAB; Kit par d&#xE9;faut &#xBB;\" class=\"wp-image-4793\"\/><\/a><\/figure>\n\n<ol class=\"wp-block-list\">\n<li>Dans le menu WordPress, cliquez sur <strong>Mod\u00e8les<\/strong> &gt; <strong>Mod\u00e8les enregistr\u00e9s<\/strong><\/li>\n\n\n\n<li>Le mod\u00e8le Kit par d\u00e9faut n\u2019appara\u00eet pas ; pour le voir dans la liste, nous devons cliquer sur <strong>Tout<\/strong>.<\/li>\n\n\n\n<li>Une fois qu\u2019il appara\u00eet dans la liste, placez le curseur dessus et cliquez sur <strong>Modifier avec Elementor<\/strong>.<\/li>\n<\/ol>\n\n<h2 class=\"wp-block-heading\" id=\"error-tu-sitio-no-tiene-un-kit-por-defecto-17c3da19-6379-415a-8f9b-3a55095603c4\">Erreur : votre site n\u2019a pas de kit par d\u00e9faut<\/h2>\n\n<p class=\"wp-block-paragraph\">Apr\u00e8s l\u2019installation d\u2019un site enti\u00e8rement neuf avec Elementor Core \/ Pro, il est possible que vous rencontriez l\u2019erreur <strong>Votre site n\u2019a pas de kit par d\u00e9faut<\/strong>.<strong> <\/strong>Cela se produira \u00e9galement si le kit par d\u00e9faut est supprim\u00e9 de votre biblioth\u00e8que de mod\u00e8les.<\/p>\n<div class=\"wp-block-image\">\n<figure class=\"aligncenter size-full\"><a href=\"https:\/\/lacolmenatecnologica.com\/wp-content\/uploads\/2025\/12\/tu-sitio-no-tiene-un-kit-por-defecto.jpg\"><img loading=\"lazy\" decoding=\"async\" width=\"482\" height=\"228\" src=\"https:\/\/lacolmenatecnologica.com\/wp-content\/uploads\/2025\/12\/tu-sitio-no-tiene-un-kit-por-defecto.jpg\" alt=\"Votre site n&#x2019;a pas de kit par d&#xE9;faut\" class=\"wp-image-4794\"\/><\/a><\/figure>\n<\/div>\n<h3 class=\"wp-block-heading\" id=\"la-solucion-b76e07ca-eb93-4cf1-aa9b-cc8203488d0f\">La solution<\/h3>\n\n<p class=\"wp-block-paragraph\">Pour <strong>r\u00e9g\u00e9n\u00e9rer le kit par d\u00e9faut<\/strong>, suivez ces \u00e9tapes :<\/p>\n\n<figure class=\"wp-block-image size-full\"><a href=\"https:\/\/lacolmenatecnologica.com\/wp-content\/uploads\/2025\/12\/Regenerar-kit-por-defecto.gif\"><img loading=\"lazy\" decoding=\"async\" width=\"1920\" height=\"908\" src=\"https:\/\/lacolmenatecnologica.com\/wp-content\/uploads\/2025\/12\/Regenerar-kit-por-defecto.gif\" alt=\"R&#xE9;g&#xE9;n&#xE9;rer le kit par d&#xE9;faut\" class=\"wp-image-4795\"\/><\/a><\/figure>\n\n<div style=\"height:20px\" aria-hidden=\"true\" class=\"wp-block-spacer\"><\/div>\n\n<ol class=\"wp-block-list\">\n<li>Cliquez sur <strong>Recr\u00e9er le kit<\/strong> ou acc\u00e9dez, via le menu WordPress, \u00e0 <em>Elementor &gt; Outils &gt; G\u00e9n\u00e9ral<\/em>.<\/li>\n\n\n\n<li>Cliquez sur le bouton <strong>Recr\u00e9er le kit<\/strong>.<\/li>\n\n\n\n<li>Cliquez sur <strong>Enregistrer les modifications<\/strong>.<\/li>\n<\/ol>\n\n<blockquote class=\"wp-block-quote is-layout-flow wp-block-quote-is-layout-flow\">\n<p class=\"wp-block-paragraph\">Une fois le kit par d\u00e9faut cr\u00e9\u00e9, le bouton <strong>Recr\u00e9er le kit<\/strong> dispara\u00eetra.<\/p>\n<\/blockquote>\n","protected":false},"excerpt":{"rendered":"<p>Vid\u00e9o pas \u00e0 pas Qu\u2019est-ce que le kit par d\u00e9faut d\u2019Elementor ? Elementor utilise un mod\u00e8le appel\u00e9 Kit par d\u00e9faut, disponible dans la biblioth\u00e8que de mod\u00e8les, et qu\u2019il utilise pour stocker toutes les valeurs de style globales du site web. Toutes les pr\u00e9f\u00e9rences de polices, couleurs, formulaires, boutons et de nombreuses autres configurations se trouvent [&hellip;]<\/p>\n","protected":false},"author":4,"featured_media":6928,"comment_status":"open","ping_status":"open","sticky":false,"template":"","format":"standard","meta":{"_seopress_titles_title":"Kit par d\u00e9faut Elementor : le configurer facilement","_seopress_titles_desc":"Qu\u2019est-ce que le kit par d\u00e9faut d\u2019Elementor ? Elementor utilise un mod\u00e8le appel\u00e9 Kit par d\u00e9faut, disponible dans la biblioth\u00e8que de mod\u00e8les, qu\u2019il utilise pour\u2026","_seopress_robots_index":"","_seopress_robots_follow":"","_seopress_robots_imageindex":"","_seopress_robots_snippet":"","_seopress_robots_primary_cat":"none","_seopress_robots_breadcrumbs":"","_seopress_robots_freeze_modified_date":"","_seopress_robots_custom_modified_date":"","_seopress_robots_canonical":"","_seopress_social_fb_title":"","_seopress_social_fb_desc":"","_seopress_social_fb_img":"","_seopress_social_fb_img_attachment_id":0,"_seopress_social_fb_img_width":0,"_seopress_social_fb_img_height":0,"_seopress_social_twitter_title":"","_seopress_social_twitter_desc":"","_seopress_social_twitter_img":"","_seopress_social_twitter_img_attachment_id":0,"_seopress_social_twitter_img_width":0,"_seopress_social_twitter_img_height":0,"_seopress_redirections_value":"","_seopress_redirections_enabled":"","_seopress_redirections_enabled_regex":"","_seopress_redirections_logged_status":"both","_seopress_redirections_param":"","_seopress_redirections_type":301,"_seopress_analysis_target_kw":"","_seopress_news_disabled":"","_seopress_video_disabled":"","_seopress_video":[],"_seopress_pro_schemas_manual":[],"_seopress_pro_rich_snippets_disable_all":"","_seopress_pro_rich_snippets_disable":[],"_seopress_pro_schemas":[],"footnotes":"","_bricks_page_content_2":[],"_bricks_page_header_2":[],"_bricks_page_footer_2":[]},"categories":[400],"tags":[431,428],"class_list":["post-6925","post","type-post","status-publish","format-standard","has-post-thumbnail","hentry","category-elementor","tag-conception-web","tag-personnalisation-de-wordpress"],"_links":{"self":[{"href":"https:\/\/lacolmenatecnologica.com\/fr\/wp-json\/wp\/v2\/posts\/6925","targetHints":{"allow":["GET"]}}],"collection":[{"href":"https:\/\/lacolmenatecnologica.com\/fr\/wp-json\/wp\/v2\/posts"}],"about":[{"href":"https:\/\/lacolmenatecnologica.com\/fr\/wp-json\/wp\/v2\/types\/post"}],"author":[{"embeddable":true,"href":"https:\/\/lacolmenatecnologica.com\/fr\/wp-json\/wp\/v2\/users\/4"}],"replies":[{"embeddable":true,"href":"https:\/\/lacolmenatecnologica.com\/fr\/wp-json\/wp\/v2\/comments?post=6925"}],"version-history":[{"count":1,"href":"https:\/\/lacolmenatecnologica.com\/fr\/wp-json\/wp\/v2\/posts\/6925\/revisions"}],"predecessor-version":[{"id":6929,"href":"https:\/\/lacolmenatecnologica.com\/fr\/wp-json\/wp\/v2\/posts\/6925\/revisions\/6929"}],"wp:featuredmedia":[{"embeddable":true,"href":"https:\/\/lacolmenatecnologica.com\/fr\/wp-json\/wp\/v2\/media\/6928"}],"wp:attachment":[{"href":"https:\/\/lacolmenatecnologica.com\/fr\/wp-json\/wp\/v2\/media?parent=6925"}],"wp:term":[{"taxonomy":"category","embeddable":true,"href":"https:\/\/lacolmenatecnologica.com\/fr\/wp-json\/wp\/v2\/categories?post=6925"},{"taxonomy":"post_tag","embeddable":true,"href":"https:\/\/lacolmenatecnologica.com\/fr\/wp-json\/wp\/v2\/tags?post=6925"}],"curies":[{"name":"wp","href":"https:\/\/api.w.org\/{rel}","templated":true}]}}