{"id":6877,"date":"2021-06-25T20:16:57","date_gmt":"2021-06-25T18:16:57","guid":{"rendered":"https:\/\/lacolmenatecnologica.com\/comment-activer-le-mode-sombre-ou-dark-mode\/"},"modified":"2026-09-02T22:50:20","modified_gmt":"2026-09-02T20:50:20","slug":"comment-activer-le-mode-sombre-ou-dark-mode","status":"publish","type":"post","link":"https:\/\/lacolmenatecnologica.com\/fr\/comment-activer-le-mode-sombre-ou-dark-mode\/","title":{"rendered":"Comment activer le mode sombre ou dark mode"},"content":{"rendered":"\n<h2 class=\"wp-block-heading\">Vid\u00e9o pas \u00e0 pas<\/h2>\n\n<figure class=\"wp-block-embed is-type-video is-provider-youtube wp-block-embed-youtube wp-embed-aspect-16-9 wp-has-aspect-ratio\"><div class=\"wp-block-embed__wrapper\">\n<iframe loading=\"lazy\" title=\"C\u00f3mo activar el modo oscuro o dark mode en Elementor\" width=\"500\" height=\"281\" src=\"https:\/\/www.youtube.com\/embed\/WjbhD8F274s?feature=oembed\" frameborder=\"0\" allow=\"accelerometer; autoplay; clipboard-write; encrypted-media; gyroscope; picture-in-picture; web-share\" referrerpolicy=\"strict-origin-when-cross-origin\" allowfullscreen><\/iframe>\n<\/div><\/figure>\n\n<h2 class=\"wp-block-heading\">Introduction<\/h2>\n\n<p class=\"wp-block-paragraph\">Dans ce sujet, nous examinons tous les contr\u00f4les des Pr\u00e9f\u00e9rences utilisateur pour modifier la largeur du panneau de configuration, activer ou d\u00e9sactiver le mode sombre, les contr\u00f4les d&rsquo;\u00e9dition et la lightbox.<\/p>\n","protected":false},"excerpt":{"rendered":"<p>Vid\u00e9o pas \u00e0 pas Introduction Dans ce sujet, nous examinons tous les contr\u00f4les des Pr\u00e9f\u00e9rences utilisateur pour modifier la largeur du panneau de configuration, activer ou d\u00e9sactiver le mode sombre, les contr\u00f4les d&rsquo;\u00e9dition et la lightbox.<\/p>\n","protected":false},"author":4,"featured_media":6878,"comment_status":"open","ping_status":"open","sticky":false,"template":"","format":"standard","meta":{"_seopress_titles_title":"Comment activer le mode sombre sur tous vos appareils","_seopress_titles_desc":"Dans ce sujet, nous examinons tous les contr\u00f4les des Pr\u00e9f\u00e9rences utilisateur pour modifier la largeur du panneau de configuration, activer ou d\u00e9sactiver le mode sombre\u2026","_seopress_robots_index":"","_seopress_robots_follow":"","_seopress_robots_imageindex":"","_seopress_robots_snippet":"","_seopress_robots_primary_cat":"none","_seopress_robots_breadcrumbs":"","_seopress_robots_freeze_modified_date":"","_seopress_robots_custom_modified_date":"","_seopress_robots_canonical":"","_seopress_social_fb_title":"","_seopress_social_fb_desc":"","_seopress_social_fb_img":"","_seopress_social_fb_img_attachment_id":0,"_seopress_social_fb_img_width":0,"_seopress_social_fb_img_height":0,"_seopress_social_twitter_title":"","_seopress_social_twitter_desc":"","_seopress_social_twitter_img":"","_seopress_social_twitter_img_attachment_id":0,"_seopress_social_twitter_img_width":0,"_seopress_social_twitter_img_height":0,"_seopress_redirections_value":"","_seopress_redirections_enabled":"","_seopress_redirections_enabled_regex":"","_seopress_redirections_logged_status":"both","_seopress_redirections_param":"","_seopress_redirections_type":301,"_seopress_analysis_target_kw":"","_seopress_news_disabled":"","_seopress_video_disabled":"","_seopress_video":[],"_seopress_pro_schemas_manual":[],"_seopress_pro_rich_snippets_disable_all":"","_seopress_pro_rich_snippets_disable":[],"_seopress_pro_schemas":[],"footnotes":"","_bricks_page_content_2":[],"_bricks_page_header_2":[],"_bricks_page_footer_2":[]},"categories":[400],"tags":[431,428],"class_list":["post-6877","post","type-post","status-publish","format-standard","has-post-thumbnail","hentry","category-elementor","tag-conception-web","tag-personnalisation-de-wordpress"],"_links":{"self":[{"href":"https:\/\/lacolmenatecnologica.com\/fr\/wp-json\/wp\/v2\/posts\/6877","targetHints":{"allow":["GET"]}}],"collection":[{"href":"https:\/\/lacolmenatecnologica.com\/fr\/wp-json\/wp\/v2\/posts"}],"about":[{"href":"https:\/\/lacolmenatecnologica.com\/fr\/wp-json\/wp\/v2\/types\/post"}],"author":[{"embeddable":true,"href":"https:\/\/lacolmenatecnologica.com\/fr\/wp-json\/wp\/v2\/users\/4"}],"replies":[{"embeddable":true,"href":"https:\/\/lacolmenatecnologica.com\/fr\/wp-json\/wp\/v2\/comments?post=6877"}],"version-history":[{"count":1,"href":"https:\/\/lacolmenatecnologica.com\/fr\/wp-json\/wp\/v2\/posts\/6877\/revisions"}],"predecessor-version":[{"id":6879,"href":"https:\/\/lacolmenatecnologica.com\/fr\/wp-json\/wp\/v2\/posts\/6877\/revisions\/6879"}],"wp:featuredmedia":[{"embeddable":true,"href":"https:\/\/lacolmenatecnologica.com\/fr\/wp-json\/wp\/v2\/media\/6878"}],"wp:attachment":[{"href":"https:\/\/lacolmenatecnologica.com\/fr\/wp-json\/wp\/v2\/media?parent=6877"}],"wp:term":[{"taxonomy":"category","embeddable":true,"href":"https:\/\/lacolmenatecnologica.com\/fr\/wp-json\/wp\/v2\/categories?post=6877"},{"taxonomy":"post_tag","embeddable":true,"href":"https:\/\/lacolmenatecnologica.com\/fr\/wp-json\/wp\/v2\/tags?post=6877"}],"curies":[{"name":"wp","href":"https:\/\/api.w.org\/{rel}","templated":true}]}}