{"id":6630,"date":"2020-08-21T13:02:16","date_gmt":"2020-08-21T11:02:16","guid":{"rendered":"https:\/\/lacolmenatecnologica.com\/partager-et-gerer-les-permissions-dans-notion\/"},"modified":"2026-09-02T22:30:16","modified_gmt":"2026-09-02T20:30:16","slug":"partager-et-gerer-les-permissions-dans-notion","status":"publish","type":"post","link":"https:\/\/lacolmenatecnologica.com\/fr\/partager-et-gerer-les-permissions-dans-notion\/","title":{"rendered":"Partager et g\u00e9rer les permissions dans Notion"},"content":{"rendered":"\n<p class=\"wp-block-paragraph\">Notion est con\u00e7u pour \u00eatre super collaboratif, il existe donc plusieurs fa\u00e7ons de partager le contenu que vous cr\u00e9ez avec d&rsquo;autres personnes. Les niveaux de permission garantissent qu&rsquo;ils acc\u00e8dent \u00e0 ce contenu exactement comme vous le souhaitez. <\/p>\n<p>[mepr-show rules=\u00bb7898&Prime; unauth=\u00bbmessage\u00bb]<\/p>\n\n<figure class=\"wp-block-embed-vimeo wp-block-embed is-type-video is-provider-vimeo wp-embed-aspect-16-9 wp-has-aspect-ratio\"><div class=\"wp-block-embed__wrapper\">\nhttps:\/\/vimeo.com\/451832102\n<\/div><figcaption>Cliquez sur le bouton PLAY pour regarder la vid\u00e9o<\/figcaption><\/figure>\n<p>[\/mepr-show]<\/p>\n\n<h2 class=\"wp-block-heading\" id=\"0-maneras-de-compartir\">Fa\u00e7ons de partager<\/h2>\n\n<p class=\"wp-block-paragraph\">Il existe plusieurs fa\u00e7ons de partager les pages et les bases de donn\u00e9es que vous cr\u00e9ez dans Notion avec des personnes \u00e0 l&rsquo;int\u00e9rieur et \u00e0 l&rsquo;ext\u00e9rieur de votre espace de travail. Voici un aper\u00e7u de toutes les m\u00e9thodes de partage. <\/p>\n\n<h3 class=\"wp-block-heading\" id=\"1-men%C3%BA-compartir\">Menu de partage<\/h3>\n\n<p class=\"wp-block-paragraph\">Tout d&rsquo;abord, faisons un tour rapide du menu <code><span class=\"has-inline-color has-vivid-red-color\">Share<\/span><\/code> (Partager), sur lequel vous pouvez cliquer en haut \u00e0 droite de n&rsquo;importe quelle page. <strong>Sur les appareils mobiles<\/strong>, cliquez sur l&rsquo;ic\u00f4ne de partage \u00e0 c\u00f4t\u00e9 de \u2022\u2022\u2022 en haut \u00e0 droite pour voir les m\u00eames options.<\/p>\n<p>[mepr-show rules=\u00bb7898&Prime; unauth=\u00bbmessage\u00bb]<\/p>\n\n<figure class=\"wp-block-image size-large\"><img loading=\"lazy\" decoding=\"async\" width=\"1600\" height=\"860\" src=\"https:\/\/lacolmenatecnologica.com\/wp-content\/uploads\/2020\/08\/menu-compartir-notion.jpg\" alt=\"Menu de partage de Notion\" class=\"wp-image-5687\" srcset=\"https:\/\/lacolmenatecnologica.com\/wp-content\/uploads\/2020\/08\/menu-compartir-notion.jpg 1600w, https:\/\/lacolmenatecnologica.com\/wp-content\/uploads\/2020\/08\/menu-compartir-notion-500x269.jpg 500w, https:\/\/lacolmenatecnologica.com\/wp-content\/uploads\/2020\/08\/menu-compartir-notion-1024x550.jpg 1024w, https:\/\/lacolmenatecnologica.com\/wp-content\/uploads\/2020\/08\/menu-compartir-notion-768x413.jpg 768w, https:\/\/lacolmenatecnologica.com\/wp-content\/uploads\/2020\/08\/menu-compartir-notion-1536x826.jpg 1536w, https:\/\/lacolmenatecnologica.com\/wp-content\/uploads\/2020\/08\/menu-compartir-notion-600x323.jpg 600w\" sizes=\"auto, (max-width: 1600px) 100vw, 1600px\" \/><\/figure>\n<p>[\/mepr-show]<\/p>\n\n<ul class=\"wp-block-list\"><li>Chaque ligne de ce menu repr\u00e9sente une personne ou un groupe de personnes diff\u00e9rent avec lequel vous pouvez partager la page. Dans le menu ci-dessus : <ul><li><code><span class=\"has-inline-color has-vivid-red-color\">Share to the web<\/span><\/code>  (Partager sur le web) signifie que toute personne disposant du lien peut acc\u00e9der \u00e0 la page sans avoir besoin d&rsquo;un compte Notion.<\/li><li><code><span class=\"has-inline-color has-vivid-red-color\">Share with La Colmena Tecnol\u00f3gica<\/span><\/code>  (Partager avec La Colmena Tecnol\u00f3gica) signifie que tous les membres de l&rsquo;espace de travail peuvent voir la page.<\/li><li><code><span class=\"has-inline-color has-vivid-red-color\">Share with Dise\u00f1adores<\/span><\/code>  (Partager avec les Designers) est un exemple de groupe de permissions. Dans l&rsquo;exemple ci-dessus, tout l&rsquo;espace de travail peut voir la page, mais seuls les designers peuvent la modifier. <\/li><li><code><span class=\"has-inline-color has-vivid-red-color\">Cristina Rodr\u00edguez L\u00f3pez<\/span><\/code>  est un exemple de membre de l&rsquo;\u00e9quipe ayant un acc\u00e8s complet \u00e0 la page. Il pourra apporter des modifications et inviter d&rsquo;autres personnes. <\/li><li><code><span class=\"has-inline-color has-vivid-red-color\">Mario Su\u00e1rez Galv\u00edn<\/span><\/code>  est un exemple d&rsquo;invit\u00e9 sur la page qui a \u00e9t\u00e9 invit\u00e9 depuis l&rsquo;ext\u00e9rieur de l&rsquo;espace de travail.<\/li><\/ul><\/li><\/ul>\n<p>[mepr-show rules=\u00bb7898&Prime; unauth=\u00bbmessage\u00bb]<\/p>\n\n<figure class=\"wp-block-image size-large is-style-default\"><img loading=\"lazy\" decoding=\"async\" width=\"960\" height=\"505\" src=\"https:\/\/lacolmenatecnologica.com\/wp-content\/uploads\/2020\/08\/ventana-compartir.jpg\" alt=\"Fen&#xEA;tre de partage Notion\" class=\"wp-image-5688\" srcset=\"https:\/\/lacolmenatecnologica.com\/wp-content\/uploads\/2020\/08\/ventana-compartir.jpg 960w, https:\/\/lacolmenatecnologica.com\/wp-content\/uploads\/2020\/08\/ventana-compartir-500x263.jpg 500w, https:\/\/lacolmenatecnologica.com\/wp-content\/uploads\/2020\/08\/ventana-compartir-768x404.jpg 768w, https:\/\/lacolmenatecnologica.com\/wp-content\/uploads\/2020\/08\/ventana-compartir-600x316.jpg 600w\" sizes=\"auto, (max-width: 960px) 100vw, 960px\" \/><\/figure>\n\n<div style=\"height:20px\" aria-hidden=\"true\" class=\"wp-block-spacer\"><\/div>\n<p>[\/mepr-show]<\/p>\n\n<ul class=\"wp-block-list\"><li>Les commutateurs \u00e0 droite activent et d\u00e9sactivent l&rsquo;acc\u00e8s pour chaque groupe.<\/li><li>Les menus d\u00e9roulants vous permettent de d\u00e9finir votre niveau d&rsquo;acc\u00e8s.<\/li><li><code><span class=\"has-inline-color has-vivid-red-color\">Copy link<\/span><\/code>  (Copier le lien) copie l&rsquo;URL unique de la page dans votre presse-papiers afin que vous puissiez la partager avec qui vous voulez. Cependant, seules les personnes ayant acc\u00e8s \u00e0 la page peuvent la voir. <\/li><li><code><span class=\"has-inline-color has-vivid-red-color\">Add people<\/span><\/code>  (Ajouter des personnes) vous permet d&rsquo;ajouter des personnes \u00e0 l&rsquo;int\u00e9rieur et \u00e0 l&rsquo;ext\u00e9rieur de votre espace de travail \u00e0 une page en utilisant leur adresse e-mail.<ul><li>Les personnes externes seront ajout\u00e9es en tant qu&rsquo;invit\u00e9s.<\/li><li>Vous pouvez attribuer un niveau d&rsquo;acc\u00e8s aux invit\u00e9s et aux autres membres de l&rsquo;espace de travail via les menus d\u00e9roulants :<\/li><\/ul><\/li><\/ul>\n<p>[mepr-show rules=\u00bb7898&Prime; unauth=\u00bbmessage\u00bb]<\/p>\n\n<figure class=\"wp-block-image size-large is-style-default\"><img loading=\"lazy\" decoding=\"async\" width=\"1600\" height=\"860\" src=\"https:\/\/lacolmenatecnologica.com\/wp-content\/uploads\/2020\/08\/menu-desplegable.jpg\" alt=\"Menu d&#xE9;roulant\" class=\"wp-image-5689\" srcset=\"https:\/\/lacolmenatecnologica.com\/wp-content\/uploads\/2020\/08\/menu-desplegable.jpg 1600w, https:\/\/lacolmenatecnologica.com\/wp-content\/uploads\/2020\/08\/menu-desplegable-500x269.jpg 500w, https:\/\/lacolmenatecnologica.com\/wp-content\/uploads\/2020\/08\/menu-desplegable-1024x550.jpg 1024w, https:\/\/lacolmenatecnologica.com\/wp-content\/uploads\/2020\/08\/menu-desplegable-768x413.jpg 768w, https:\/\/lacolmenatecnologica.com\/wp-content\/uploads\/2020\/08\/menu-desplegable-1536x826.jpg 1536w, https:\/\/lacolmenatecnologica.com\/wp-content\/uploads\/2020\/08\/menu-desplegable-600x323.jpg 600w\" sizes=\"auto, (max-width: 1600px) 100vw, 1600px\" \/><\/figure>\n\n<div style=\"height:20px\" aria-hidden=\"true\" class=\"wp-block-spacer\"><\/div>\n<p>[\/mepr-show]<\/p>\n\n<h3 class=\"wp-block-heading\" id=\"2-comparte-con-tu-equipo\">Partager avec votre \u00e9quipe<\/h3>\n\n<p class=\"wp-block-paragraph\">Vous pouvez collaborer avec d&rsquo;autres personnes dans Notion en les ajoutant en tant que membres \u00e0 votre espace de travail (uniquement avec les plans Team et Enterprise). Il peut s&rsquo;agir de vos co\u00e9quipiers au travail, d&rsquo;amis ou de toute personne avec qui vous souhaitez travailler sur les pages. Voici quelques fa\u00e7ons de partager des pages Notion avec d&rsquo;autres membres afin qu&rsquo;ils puissent travailler ensemble :  <\/p>\n<p>[mepr-show rules=\u00bb7898&Prime; unauth=\u00bbmessage\u00bb]<\/p>\n\n<ul class=\"wp-block-list\"><li>Toute page de la section <code><span class=\"has-inline-color has-vivid-red-color\">WORKSPACE<\/span><\/code> (Espace de travail) de la barre lat\u00e9rale est partag\u00e9e avec tous les membres de l&rsquo;espace de travail.<\/li><li>Vous pouvez faire glisser une page de <code><span class=\"has-inline-color has-vivid-red-color\">SHARED<\/span><\/code> (Partag\u00e9) ou <code><span class=\"has-inline-color has-vivid-red-color\">PRIVATE<\/span><\/code> (Priv\u00e9) dans votre barre lat\u00e9rale vers l&rsquo;<code><span class=\"has-inline-color has-vivid-red-color\">WORKSPACE<\/span><\/code> (Espace de travail) pour la partager.<\/li><li>Dans le menu <code><span class=\"has-inline-color has-vivid-red-color\">Share<\/span><\/code> (Partager), vous pouvez activer <code><span class=\"has-inline-color has-vivid-red-color\">Share with \u00abNombre de tu espacio de trabajo\u00bb<\/span><\/code> (Partager avec \u00ab Nom de votre espace de travail \u00bb) pour donner \u00e0 tous les membres de votre espace de travail un certain niveau d&rsquo;acc\u00e8s \u00e0 la page, s\u00e9lectionn\u00e9 dans le menu d\u00e9roulant :<\/li><\/ul>\n\n<figure class=\"wp-block-image size-large is-resized is-style-default\"><img loading=\"lazy\" decoding=\"async\" src=\"https:\/\/lacolmenatecnologica.com\/wp-content\/uploads\/2020\/08\/compartir-con-tu-espacio-de-trabajo.gif\" alt=\"Partager avec votre espace de travail\" class=\"wp-image-5691\" width=\"1000\" height=\"563\"\/><\/figure>\n<p>[\/mepr-show]<\/p>\n\n<h3 class=\"wp-block-heading\" id=\"3-comparte-con-compa%C3%B1eros-de-equipo-de-forma-individual\">Partager avec des co\u00e9quipiers individuellement<\/h3>\n\n<p class=\"wp-block-paragraph\">Parfois, vous voudrez partager une page avec seulement quelques membres de votre espace de travail, comme un document de r\u00e9union que vous partagez avec votre responsable ou des notes pour une petite \u00e9quipe de projet.<\/p>\n<p>[mepr-show rules=\u00bb7898&Prime; unauth=\u00bbmessage\u00bb]<\/p>\n\n<ul class=\"wp-block-list\"><li>Cliquez sur <code><span class=\"has-inline-color has-vivid-red-color\">Share<\/span><\/code> (Partager) en haut \u00e0 droite d&rsquo;une page priv\u00e9e que vous souhaitez partager avec ces membres.<\/li><li>Cliquez sur le bouton <code><span class=\"has-inline-color has-vivid-red-color\">Add people<\/span><\/code> (Ajouter des personnes) et ajoutez les membres souhait\u00e9s en saisissant leurs adresses e-mail. Vous pouvez configurer leurs niveaux d&rsquo;acc\u00e8s \u00e0 partir du menu d\u00e9roulant dans la fen\u00eatre d&rsquo;invitation. <\/li><li>Les pages que vous partagez avec quelques membres, mais pas avec tout votre espace de travail, appara\u00eetront dans la section <code><span class=\"has-inline-color has-vivid-red-color\">SHARED<\/span><\/code> (Partag\u00e9) de votre barre lat\u00e9rale. Faites-les glisser vers l&rsquo;<code><span class=\"has-inline-color has-vivid-red-color\">WORKSPACE<\/span><\/code> (Espace de travail) pour les partager avec toute l&rsquo;\u00e9quipe. <\/li><\/ul>\n\n<figure class=\"wp-block-image size-large is-resized is-style-default\"><img loading=\"lazy\" decoding=\"async\" src=\"https:\/\/lacolmenatecnologica.com\/wp-content\/uploads\/2020\/08\/invitar-a-miembro.gif\" alt=\"Inviter un membre\" class=\"wp-image-5690\" width=\"1000\" height=\"562\"\/><\/figure>\n\n<div style=\"height:20px\" aria-hidden=\"true\" class=\"wp-block-spacer\"><\/div>\n<p>[\/mepr-show]<\/p>\n\n<h3 class=\"wp-block-heading\" id=\"4-compartir-con-grupos\">Partager avec des groupes<\/h3>\n\n<p class=\"wp-block-paragraph\">Pour faciliter le partage avec des groupes d&rsquo;utilisation courante (c&rsquo;est-\u00e0-dire l&rsquo;\u00e9quipe d&rsquo;ing\u00e9nierie ou l&rsquo;\u00e9quipe de conception de votre entreprise), vous pouvez cr\u00e9er vos propres groupes de membres et leur attribuer la permission d&rsquo;acc\u00e9der aux pages en tant qu&rsquo;unit\u00e9s. <\/p>\n\n<p class=\"wp-block-paragraph\"><strong>Instructions pour le partage de groupe :<\/strong><\/p>\n<p>[mepr-show rules=\u00bb7898&Prime; unauth=\u00bbmessage\u00bb]<\/p>\n\n<ul class=\"wp-block-list\"><li>Allez dans <code><span class=\"has-inline-color has-vivid-red-color\">Settings &amp; Members<\/span><\/code> (Param\u00e8tres et membres) et vous verrez une liste de tous vos membres et invit\u00e9s. Cliquez sur l&rsquo;onglet <code>Groups<\/code> (Groupes) en haut de cette liste. <\/li><li>Cliquez sur <code><span class=\"has-inline-color has-vivid-red-color\">Create a group<\/span><\/code> (Cr\u00e9er un groupe), donnez-lui un nom et ajoutez les membres souhait\u00e9s.<\/li><li>Pour partager une page avec un groupe particulier, allez dans <code><span class=\"has-inline-color has-vivid-red-color\">Share<\/span><\/code> (Partager) en haut \u00e0 droite de cette page. Vous verrez le nom du groupe (dans ce cas, Designers). Activez l&rsquo;acc\u00e8s pour ce groupe et d\u00e9finissez un niveau d&rsquo;acc\u00e8s \u00e0 l&rsquo;aide du menu d\u00e9roulant :  <\/li><\/ul>\n\n<figure class=\"wp-block-image size-large is-style-default\"><img loading=\"lazy\" decoding=\"async\" width=\"1600\" height=\"860\" src=\"https:\/\/lacolmenatecnologica.com\/wp-content\/uploads\/2020\/08\/compartir-paginas-grupos-1.jpg\" alt=\"Partager avec des groupes\" class=\"wp-image-5692\" srcset=\"https:\/\/lacolmenatecnologica.com\/wp-content\/uploads\/2020\/08\/compartir-paginas-grupos-1.jpg 1600w, https:\/\/lacolmenatecnologica.com\/wp-content\/uploads\/2020\/08\/compartir-paginas-grupos-1-500x269.jpg 500w, https:\/\/lacolmenatecnologica.com\/wp-content\/uploads\/2020\/08\/compartir-paginas-grupos-1-1024x550.jpg 1024w, https:\/\/lacolmenatecnologica.com\/wp-content\/uploads\/2020\/08\/compartir-paginas-grupos-1-768x413.jpg 768w, https:\/\/lacolmenatecnologica.com\/wp-content\/uploads\/2020\/08\/compartir-paginas-grupos-1-1536x826.jpg 1536w, https:\/\/lacolmenatecnologica.com\/wp-content\/uploads\/2020\/08\/compartir-paginas-grupos-1-600x323.jpg 600w\" sizes=\"auto, (max-width: 1600px) 100vw, 1600px\" \/><\/figure>\n\n<div style=\"height:20px\" aria-hidden=\"true\" class=\"wp-block-spacer\"><\/div>\n\n<blockquote class=\"wp-block-quote is-layout-flow wp-block-quote-is-layout-flow\"><p><strong>Conseil :<\/strong> Partagez avec votre espace de travail et d\u00e9finissez le niveau d&rsquo;acc\u00e8s minimum pour tous. Vous devez le d\u00e9sactiver ou le configurer sur <code><span class=\"has-inline-color has-vivid-red-color\">Can view<\/span><\/code> (Peut voir) pour donner aux groupes des niveaux d&rsquo;acc\u00e8s plus \u00e9lev\u00e9s. <\/p><\/blockquote>\n\n<h3 class=\"wp-block-heading\" id=\"5-comparte-con-personas-que-est%C3%A1n-fuera-de-tu-equipo\">Partager avec des personnes ext\u00e9rieures \u00e0 votre \u00e9quipe<\/h3>\n\n<p class=\"wp-block-paragraph\">Vous pouvez inviter des personnes ext\u00e9rieures \u00e0 votre espace de travail \u00e0 rejoindre les pages en tant qu&rsquo;invit\u00e9s. Supposons que vous souhaitiez partager une page Notion avec une entreprise externe qui vous a engag\u00e9. Ou peut-\u00eatre \u00eates-vous une entreprise et souhaitez-vous partager une page avec un client. C&rsquo;est une solution id\u00e9ale.   <\/p>\n\n<p class=\"wp-block-paragraph\"><strong>Instructions pour le partage avec des invit\u00e9s :<\/strong><\/p>\n<p>[mepr-show rules=\u00bb7898&Prime; unauth=\u00bbmessage\u00bb]<\/p>\n\n<ul class=\"wp-block-list\"><li>Cliquez sur <code><span class=\"has-inline-color has-vivid-red-color\">Share<\/span><\/code> (Partager) en haut \u00e0 droite de la page Notion que vous souhaitez partager en externe.<\/li><li>Cliquez sur le bouton <code><span class=\"has-inline-color has-vivid-red-color\">Add people<\/span><\/code> (Ajouter des personnes) et ajoutez les personnes souhait\u00e9es en utilisant leurs adresses e-mail. D\u00e9finissez leurs niveaux d&rsquo;acc\u00e8s via le menu d\u00e9roulant. <\/li><li>Toute personne que vous invitez de cette mani\u00e8re recevra un e-mail avec un lien vers la page que vous l&rsquo;avez invit\u00e9e \u00e0 consulter ou \u00e0 modifier.<\/li><li>Si vous souhaitez voir tous les invit\u00e9s de votre espace de travail et les pages auxquelles ils ont la permission d&rsquo;acc\u00e9der, allez dans <code><span class=\"has-inline-color has-vivid-red-color\">Settings &amp; Members<\/span><\/code> (Param\u00e8tres et membres) et dans la section Membres, cliquez sur l&rsquo;onglet <code><span class=\"has-inline-color has-vivid-red-color\">Guests<\/span><\/code> (Invit\u00e9s).<\/li><li>Dans cette m\u00eame fen\u00eatre, vous pouvez supprimer des invit\u00e9s de votre espace de travail, modifier leurs niveaux d&rsquo;acc\u00e8s ou les convertir en membres \u00e0 part enti\u00e8re.<\/li><\/ul>\n\n<figure class=\"wp-block-image size-large is-style-default\"><img loading=\"lazy\" decoding=\"async\" width=\"1600\" height=\"900\" src=\"https:\/\/lacolmenatecnologica.com\/wp-content\/uploads\/2020\/08\/invitados.jpg\" alt=\"Invit&#xE9;s\" class=\"wp-image-5693\" srcset=\"https:\/\/lacolmenatecnologica.com\/wp-content\/uploads\/2020\/08\/invitados.jpg 1600w, https:\/\/lacolmenatecnologica.com\/wp-content\/uploads\/2020\/08\/invitados-500x281.jpg 500w, https:\/\/lacolmenatecnologica.com\/wp-content\/uploads\/2020\/08\/invitados-1024x576.jpg 1024w, https:\/\/lacolmenatecnologica.com\/wp-content\/uploads\/2020\/08\/invitados-768x432.jpg 768w, https:\/\/lacolmenatecnologica.com\/wp-content\/uploads\/2020\/08\/invitados-1536x864.jpg 1536w, https:\/\/lacolmenatecnologica.com\/wp-content\/uploads\/2020\/08\/invitados-600x338.jpg 600w\" sizes=\"auto, (max-width: 1600px) 100vw, 1600px\" \/><\/figure>\n\n<div style=\"height:20px\" aria-hidden=\"true\" class=\"wp-block-spacer\"><\/div>\n<p>[\/mepr-show]<\/p>\n\n<h3 class=\"wp-block-heading\" id=\"6-compartir-en-la-web\">Partager sur le web<\/h3>\n\n<p class=\"wp-block-paragraph\">Pour rendre une page Notion visible comme un site web ou pour la partager avec des personnes qui n&rsquo;utilisent pas Notion, vous pouvez activer <code><span class=\"has-inline-color has-vivid-red-color\">Share to the web<\/span><\/code> (Partager sur le web). Toute personne disposant du lien pourra la voir. <\/p>\n\n<p class=\"wp-block-paragraph\"><strong>Instructions pour rendre les pages publiques :<\/strong><\/p>\n<p>[mepr-show rules=\u00bb7898&Prime; unauth=\u00bbmessage\u00bb]<\/p>\n\n<ul class=\"wp-block-list\"><li>Cliquez sur <code><span class=\"has-inline-color has-vivid-red-color\">Share<\/span><\/code> (Partager) en haut \u00e0 droite de la page que vous souhaitez publier sur le web.<\/li><li>Activez <code><span class=\"has-inline-color has-vivid-red-color\">Share to the web<\/span><\/code> (Partager sur le r\u00e9seau).<\/li><li>Par d\u00e9faut, le niveau d&rsquo;acc\u00e8s sera <code><span class=\"has-inline-color has-vivid-red-color\">Anyone with the link can view<\/span><\/code> (Toute personne disposant du lien peut voir).<\/li><li>Vous verrez \u00e9galement quelques options suppl\u00e9mentaires :<ul><li><code><span class=\"has-inline-color has-vivid-red-color\">Allow editing<\/span><\/code>  (Autoriser la modification) permettra \u00e0 toute personne <strong>ayant un compte Notion<\/strong> d&rsquo;apporter des modifications \u00e0 votre page apr\u00e8s avoir partag\u00e9 le lien avec elle. Pour que l&rsquo;utilisateur avec qui vous partagez puisse modifier, il doit cliquer sur le bouton <code><span class=\"has-inline-color has-vivid-red-color\">Edit<\/span><\/code>, affich\u00e9 en haut \u00e0 droite. <\/li><li><code><span class=\"has-inline-color has-vivid-red-color\">Allow comment<\/span><\/code>  (Autoriser les commentaires) permettra \u00e0 toute personne <strong>ayant un compte Notion<\/strong> de laisser des commentaires sur votre page apr\u00e8s avoir partag\u00e9 le lien avec elle.<\/li><li><code><span class=\"has-inline-color has-vivid-red-color\">Allow duplicate as template<\/span><\/code>  (Autoriser la duplication en tant que mod\u00e8le) : D\u00e9sactivez cette option pour que les autres utilisateurs de Notion ne puissent pas dupliquer votre page dans leur propre espace de travail pour la modifier. <strong>Cette option est activ\u00e9e par d\u00e9faut.<\/strong><\/li><li><code><span class=\"has-inline-color has-vivid-red-color\">Search engine indexing<\/span><\/code>  (Indexation dans les moteurs de recherche) : Fonctionnalit\u00e9 uniquement disponible avec les plans payants. Activez-la pour que votre page puisse appara\u00eetre dans les r\u00e9sultats de recherche de Google et d&rsquo;autres moteurs de recherche. <strong>Ceci est d\u00e9sactiv\u00e9 par d\u00e9faut<\/strong>. <\/li><\/ul><\/li><li>Cliquez sur <code><span class=\"has-inline-color has-vivid-red-color\">Copy link<\/span><\/code> (Copier le lien) pour copier l&rsquo;URL unique de la page \u00e0 partager.<\/li><li>Seules les personnes disposant de l&rsquo;URL unique de la page pourront la voir.<\/li><\/ul>\n\n<figure class=\"wp-block-image size-large is-resized is-style-default\"><img loading=\"lazy\" decoding=\"async\" src=\"https:\/\/lacolmenatecnologica.com\/wp-content\/uploads\/2020\/08\/compartir-en-la-web.gif\" alt=\"Partager sur le web\" class=\"wp-image-5694\" width=\"1000\" height=\"562\"\/><\/figure>\n\n<div style=\"height:20px\" aria-hidden=\"true\" class=\"wp-block-spacer\"><\/div>\n<p>[\/mepr-show]<\/p>\n\n<h3 class=\"wp-block-heading\" id=\"7-deja-de-compartir\">Arr\u00eater le partage<\/h3>\n\n<p class=\"wp-block-paragraph\">Si vous avez un acc\u00e8s complet \u00e0 une page, vous pouvez d\u00e9sactiver le partage avec n&rsquo;importe qui \u00e0 tout moment.<\/p>\n\n<ul class=\"wp-block-list\"><li>Le moyen le plus rapide est de d\u00e9placer la page de <code><span class=\"has-inline-color has-vivid-red-color\">WORKSPACE<\/span><\/code> (Espace de travail) ou <code><span class=\"has-inline-color has-vivid-red-color\">SHARED<\/span><\/code> (Partag\u00e9) dans la barre lat\u00e9rale vers la section <code><span class=\"has-inline-color has-vivid-red-color\">PRIVATE<\/span><\/code> (Priv\u00e9). Cependant, assurez-vous que c&rsquo;est bien ce que vous voulez faire, car tous les autres perdront l&rsquo;acc\u00e8s. <\/li><li>Cliquez sur <code><span class=\"has-inline-color has-vivid-red-color\">Share<\/span><\/code> (Partager) en haut \u00e0 droite de la page et d\u00e9sactivez l&rsquo;acc\u00e8s \u00e0 votre espace de travail, aux individus, aux groupes ou au public. Vous pouvez \u00e9galement s\u00e9lectionner <code><span class=\"has-inline-color has-vivid-red-color\">Disabled<\/span><\/code> (D\u00e9sactiver) dans le menu d\u00e9roulant \u00e0 c\u00f4t\u00e9 de l&rsquo;une de ces options. <\/li><li>Pour les invit\u00e9s, cliquez sur <code><span class=\"has-inline-color has-vivid-red-color\">Share<\/span><\/code> (Partager) puis s\u00e9lectionnez <code><span class=\"has-inline-color has-vivid-red-color\">Remove<\/span><\/code> (Supprimer) dans le menu d\u00e9roulant \u00e0 c\u00f4t\u00e9 de leurs noms. Vous pouvez \u00e9galement aller dans <code><span class=\"has-inline-color has-vivid-red-color\">Settings &amp; Members<\/span><\/code> (Param\u00e8tres et membres), faire d\u00e9filer vers le bas pour trouver les invit\u00e9s souhait\u00e9s, cliquer sur le menu d\u00e9roulant \u00e0 droite de leurs noms et cliquer sur le bouton <code><span class=\"has-inline-color has-vivid-red-color\">Remove<\/span><\/code> (Supprimer). <\/li><\/ul>\n\n<h2 class=\"wp-block-heading\" id=\"8-niveles-de-permisos\">Niveaux de permissions<\/h2>\n\n<p class=\"wp-block-paragraph\">C&rsquo;est l\u00e0 que les options de partage de Notion deviennent nuanc\u00e9es et granulaires. Pour chaque personne ou groupe avec lequel vous partagez, vous pouvez attribuer un niveau d&rsquo;acc\u00e8s diff\u00e9rent.  <strong>Par exemple, c&rsquo;est utile si :<\/strong><\/p>\n\n<ul class=\"wp-block-list\"><li>Vous voulez que seules quelques personnes modifient une page, tandis que tous les autres la lisent.<\/li><li>Vous voulez que certaines pages ne soient visibles que par une \u00e9quipe sp\u00e9cifique.<\/li><li>Vous souhaitez seulement recueillir des commentaires sur un \u00e9crit.<\/li><\/ul>\n\n<p class=\"wp-block-paragraph\">Voici tous les niveaux d&rsquo;acc\u00e8s que vous pouvez choisir et ce qu&rsquo;ils signifient.<\/p>\n\n<blockquote class=\"wp-block-quote is-layout-flow wp-block-quote-is-layout-flow\"><p>Un dernier rappel : lorsque vous partagez une page, toutes les sous-pages qu&rsquo;elle contient seront partag\u00e9es avec les m\u00eames personnes de la m\u00eame mani\u00e8re.<\/p><\/blockquote>\n\n<h3 class=\"wp-block-heading\" id=\"9-c%C3%B3mo-editar-permisos\">Comment modifier les permissions<\/h3>\n\n<p class=\"wp-block-paragraph\">Chaque fois que vous invitez quelqu&rsquo;un \u00e0 une page, ou que vous cliquez sur  <code><span class=\"has-inline-color has-vivid-red-color\">Share<\/span><\/code>  (Partager), vous verrez des menus d\u00e9roulants \u00e0 droite, \u00e0 c\u00f4t\u00e9 des personnes ou des groupes, qui vous permettront de s\u00e9lectionner leur niveau d&rsquo;acc\u00e8s :  <code><span class=\"has-inline-color has-vivid-red-color\">Full access<\/span><\/code>  (Acc\u00e8s complet),  <code><span class=\"has-inline-color has-vivid-red-color\">Can edit<\/span><\/code>  (Peut modifier),  <code><span class=\"has-inline-color has-vivid-red-color\">Can comment<\/span><\/code>  (Peut commenter)  <code>y<\/code> <code><span class=\"has-inline-color has-vivid-red-color\">Can edit<\/span><\/code>  (Peut voir).<\/p>\n\n<ul class=\"wp-block-list\"><li><strong>Voici \u00e0 quoi cela ressemble dans le menu <code><span class=\"has-inline-color has-vivid-red-color\">Invite<\/span><\/code> (Inviter) lorsque vous cliquez sur <code><span class=\"has-inline-color has-vivid-red-color\">Add people<\/span><\/code> (Ajouter des personnes) :<\/strong><br\/>(Saisissez leur adresse e-mail, s\u00e9lectionnez leur niveau d&rsquo;acc\u00e8s, puis cliquez sur <code><span class=\"has-inline-color has-vivid-red-color\">Invite<\/span><\/code> (Inviter).<\/li><\/ul>\n<p>[mepr-show rules=\u00bb7898&Prime; unauth=\u00bbmessage\u00bb]<\/p>\n\n<figure class=\"wp-block-image size-large is-style-default\"><img loading=\"lazy\" decoding=\"async\" width=\"1600\" height=\"900\" src=\"https:\/\/lacolmenatecnologica.com\/wp-content\/uploads\/2020\/08\/permisos-invitado.jpg\" alt=\"D&#xE9;finir les permissions des invit&#xE9;s\" class=\"wp-image-5695\" srcset=\"https:\/\/lacolmenatecnologica.com\/wp-content\/uploads\/2020\/08\/permisos-invitado.jpg 1600w, https:\/\/lacolmenatecnologica.com\/wp-content\/uploads\/2020\/08\/permisos-invitado-500x281.jpg 500w, https:\/\/lacolmenatecnologica.com\/wp-content\/uploads\/2020\/08\/permisos-invitado-1024x576.jpg 1024w, https:\/\/lacolmenatecnologica.com\/wp-content\/uploads\/2020\/08\/permisos-invitado-768x432.jpg 768w, https:\/\/lacolmenatecnologica.com\/wp-content\/uploads\/2020\/08\/permisos-invitado-1536x864.jpg 1536w, https:\/\/lacolmenatecnologica.com\/wp-content\/uploads\/2020\/08\/permisos-invitado-600x338.jpg 600w\" sizes=\"auto, (max-width: 1600px) 100vw, 1600px\" \/><\/figure>\n\n<div style=\"height:40px\" aria-hidden=\"true\" class=\"wp-block-spacer\"><\/div>\n\n<ul class=\"wp-block-list\"><li>Et voici \u00e0 quoi ressemble ce menu d\u00e9roulant \u00e0 c\u00f4t\u00e9 des groupes et des invit\u00e9s dans votre menu <code><span class=\"has-inline-color has-vivid-red-color\">Share<\/span><\/code> (Partager) :<\/li><\/ul>\n\n<figure class=\"wp-block-image size-large is-resized is-style-default\"><img loading=\"lazy\" decoding=\"async\" src=\"https:\/\/lacolmenatecnologica.com\/wp-content\/uploads\/2020\/08\/compartir-paginas-grupos-1.jpg\" alt=\"Partager avec des groupes\" class=\"wp-image-5692\" width=\"1196\" height=\"642\" srcset=\"https:\/\/lacolmenatecnologica.com\/wp-content\/uploads\/2020\/08\/compartir-paginas-grupos-1.jpg 1600w, https:\/\/lacolmenatecnologica.com\/wp-content\/uploads\/2020\/08\/compartir-paginas-grupos-1-500x269.jpg 500w, https:\/\/lacolmenatecnologica.com\/wp-content\/uploads\/2020\/08\/compartir-paginas-grupos-1-1024x550.jpg 1024w, https:\/\/lacolmenatecnologica.com\/wp-content\/uploads\/2020\/08\/compartir-paginas-grupos-1-768x413.jpg 768w, https:\/\/lacolmenatecnologica.com\/wp-content\/uploads\/2020\/08\/compartir-paginas-grupos-1-1536x826.jpg 1536w, https:\/\/lacolmenatecnologica.com\/wp-content\/uploads\/2020\/08\/compartir-paginas-grupos-1-600x323.jpg 600w\" sizes=\"auto, (max-width: 1196px) 100vw, 1196px\" \/><\/figure>\n\n<div style=\"height:20px\" aria-hidden=\"true\" class=\"wp-block-spacer\"><\/div>\n<p>[\/mepr-show]<\/p>\n\n<h3 class=\"wp-block-heading\" id=\"10-full-access-acceso-completo\">Acc\u00e8s complet<\/h3>\n\n<p class=\"wp-block-paragraph\">Les personnes ayant un acc\u00e8s complet \u00e0 une page peuvent modifier tout le contenu qu&rsquo;elle contient et partager la page avec qui elles veulent en utilisant tous les m\u00e9canismes vus dans ce sujet.<\/p>\n\n<h3 class=\"wp-block-heading\" id=\"11-can-edit-puede-editar\">Peut modifier<\/h3>\n\n<p class=\"wp-block-paragraph\">S\u00e9lectionnez ce niveau d&rsquo;acc\u00e8s pour les personnes ou les groupes qui devraient pouvoir modifier le contenu de la page, mais pas la partager.<\/p>\n\n<h3 class=\"wp-block-heading\" id=\"12-can-comment-puede-comentar\">Peut commenter<\/h3>\n\n<p class=\"wp-block-paragraph\">S\u00e9lectionnez ce niveau d&rsquo;acc\u00e8s pour les personnes et les groupes qui ne devraient pouvoir commenter le contenu d&rsquo;une page, et non le modifier. Ils ne peuvent pas non plus partager la page avec d&rsquo;autres. <\/p>\n\n<h3 class=\"wp-block-heading\" id=\"13-can-view-puede-ver\">Peut voir<\/h3>\n\n<p class=\"wp-block-paragraph\">Les personnes ayant un acc\u00e8s <code><span class=\"has-inline-color has-vivid-red-color\">Can view<\/span><\/code> (Peut voir) peuvent simplement lire le contenu de la page, mais ne peuvent ni le commenter ni le modifier. Elles ne peuvent pas non plus partager la page avec d&rsquo;autres. <\/p>\n\n<h3 class=\"wp-block-heading\" id=\"14-disable-deshabilitar-el-acceso\">D\u00e9sactiver l&rsquo;acc\u00e8s<\/h3>\n\n<p class=\"wp-block-paragraph\">Pour r\u00e9voquer l&rsquo;acc\u00e8s d&rsquo;une personne ou d&rsquo;un groupe \u00e0 une page (et \u00e0 ses sous-pages), choisissez <code><span class=\"has-inline-color has-vivid-red-color\">Disable<\/span><\/code> (D\u00e9sactiver) dans la liste des options d&rsquo;acc\u00e8s du menu d\u00e9roulant \u00e0 sa droite dans le menu <code><span class=\"has-inline-color has-vivid-red-color\">Share<\/span><\/code> (Partager). Ils ne pourront plus voir la page et elle dispara\u00eetra de leur barre lat\u00e9rale. <\/p>\n\n<ul class=\"wp-block-list\"><li>Supprimez un invit\u00e9 en s\u00e9lectionnant <code><span class=\"has-inline-color has-vivid-red-color\">Remove<\/span><\/code> (Supprimer) dans le menu d\u00e9roulant \u00e0 droite de son nom dans le menu <code><span class=\"has-inline-color has-vivid-red-color\">Share<\/span><\/code> (Partager).<\/li><\/ul>\n\n<h3 class=\"wp-block-heading\" id=\"15-compartir-con-el-espacio-de-trabajo\">Partager avec l&rsquo;espace de travail<\/h3>\n\n<p class=\"wp-block-paragraph\">L&rsquo;option <code><span class=\"has-inline-color has-vivid-red-color\">Share with \u00abNombre del espacio de trabajo\u00bb<\/span><\/code> (Partager avec \u00ab Nom de l&rsquo;espace de travail \u00bb) se trouve dans le menu <code><span class=\"has-inline-color has-vivid-red-color\">Share<\/span><\/code> (Partager) si vous avez un plan d&rsquo;\u00e9quipe ou un plan d&rsquo;entreprise. En l&rsquo;activant, tous les membres de votre espace de travail ont ce niveau d&rsquo;acc\u00e8s \u00e0 la page. Il ne peut \u00eatre annul\u00e9 que par un niveau d&rsquo;acc\u00e8s plus \u00e9lev\u00e9 accord\u00e9 aux individus, aux invit\u00e9s ou aux groupes.  <\/p>\n\n<ul class=\"wp-block-list\"><li>Si vous souhaitez qu&rsquo;une page de votre espace de travail ne soit visible que par quelques personnes, vous devrez <strong>d\u00e9sactiver<\/strong> <code><span class=\"has-inline-color has-vivid-red-color\">Share with \u00abNombre del espacio de trabajo\u00bb<\/span><\/code> (Partager avec \u00ab Nom de l&rsquo;espace de travail \u00bb) pour la page ou les inviter \u00e0 une page qui serait autrement priv\u00e9e.<\/li><\/ul>\n\n<blockquote class=\"wp-block-quote is-layout-flow wp-block-quote-is-layout-flow\"><p>Les personnes qui n&rsquo;ont pas acc\u00e8s \u00e0 une page ne la verront pas dans votre espace de travail. Elle peut appara\u00eetre dans votre barre lat\u00e9rale, mais pas dans la leur. <\/p><\/blockquote>\n\n<h2 class=\"wp-block-heading\" id=\"16-compartiendo-ajustes\">Param\u00e8tres de partage<\/h2>\n\n<p class=\"wp-block-paragraph\">Si vous avez un abonnement au plan Enterprise et que vous \u00eates administrateur de l&rsquo;espace de travail, vous pouvez emp\u00eacher le partage de contenu en activant certains param\u00e8tres de s\u00e9curit\u00e9.<\/p>\n<p>[mepr-show rules=\u00bb7898&Prime; unauth=\u00bbmessage\u00bb]<\/p>\n\n<ul class=\"wp-block-list\"><li>Allez dans <code><span class=\"has-inline-color has-vivid-red-color\">Settings &amp; Members<\/span><\/code> (Param\u00e8tres et membres) en haut de la barre lat\u00e9rale gauche.<\/li><li>Cliquez sur <code><span class=\"has-inline-color has-vivid-red-color\">Security &amp; SAML<\/span><\/code> (S\u00e9curit\u00e9 et SAML) dans la barre lat\u00e9rale de la fen\u00eatre qui appara\u00eet, o\u00f9 vous pourrez voir cinq interrupteurs.<ul><li><strong>Emp\u00eacher les membres de partager des pages publiquement :<\/strong> Activez cette option pour d\u00e9sactiver l&rsquo;option <code><span class=\"has-inline-color has-vivid-red-color\">Share to the web<\/span><\/code> (Partager sur le web) pour tous les membres de votre espace de travail. Le contenu ne peut pas \u00eatre mis en ligne. <\/li><li><strong>Emp\u00eacher les membres de modifier la section Espace de travail :<\/strong> Cela d\u00e9sactive la capacit\u00e9 des membres \u00e0 cr\u00e9er, d\u00e9placer, r\u00e9organiser et supprimer des pages d&rsquo;espace de travail de niveau sup\u00e9rieur.<\/li><li><strong>D\u00e9sactiver les invit\u00e9s :<\/strong> Activez cette option pour emp\u00eacher les membres de votre espace de travail d&rsquo;inviter des personnes ext\u00e9rieures \u00e0 votre \u00e9quipe sur les pages Notion.<\/li><li><strong>D\u00e9sactiver le d\u00e9placement de pages vers d&rsquo;autres espaces de travail :<\/strong> Activez-le pour emp\u00eacher les membres de d\u00e9placer des pages entre les espaces de travail.<\/li><li><strong>D\u00e9sactiver l&rsquo;exportation :<\/strong> Activez cette option pour emp\u00eacher les membres de votre espace de travail d&rsquo;exporter des pages individuelles sous forme de fichiers t\u00e9l\u00e9chargeables qui peuvent \u00eatre partag\u00e9s en dehors de Notion.<\/li><\/ul><\/li><\/ul>\n\n<figure class=\"wp-block-image size-large is-style-default\"><img loading=\"lazy\" decoding=\"async\" width=\"1600\" height=\"900\" src=\"https:\/\/lacolmenatecnologica.com\/wp-content\/uploads\/2020\/08\/seguridad-compartir.jpg\" alt=\"S&#xE9;curit&#xE9; du partage\" class=\"wp-image-5696\" srcset=\"https:\/\/lacolmenatecnologica.com\/wp-content\/uploads\/2020\/08\/seguridad-compartir.jpg 1600w, https:\/\/lacolmenatecnologica.com\/wp-content\/uploads\/2020\/08\/seguridad-compartir-500x281.jpg 500w, https:\/\/lacolmenatecnologica.com\/wp-content\/uploads\/2020\/08\/seguridad-compartir-1024x576.jpg 1024w, https:\/\/lacolmenatecnologica.com\/wp-content\/uploads\/2020\/08\/seguridad-compartir-768x432.jpg 768w, https:\/\/lacolmenatecnologica.com\/wp-content\/uploads\/2020\/08\/seguridad-compartir-1536x864.jpg 1536w, https:\/\/lacolmenatecnologica.com\/wp-content\/uploads\/2020\/08\/seguridad-compartir-600x338.jpg 600w\" sizes=\"auto, (max-width: 1600px) 100vw, 1600px\" \/><\/figure>\n\n<div style=\"height:20px\" aria-hidden=\"true\" class=\"wp-block-spacer\"><\/div>\n<p>[\/mepr-show]<\/p>\n\n<blockquote class=\"wp-block-quote is-layout-flow wp-block-quote-is-layout-flow\"><p>Ces options ne peuvent \u00eatre modifi\u00e9es que si vous avez un abonnement au plan Team ou Enterprise, que vous \u00eates administrateur de l&rsquo;espace de travail et que vous utilisez l&rsquo;application de bureau.<\/p><\/blockquote>\n\n<h2 class=\"wp-block-heading\" id=\"17-ver-qui%C3%A9n-comparte-una-p%C3%A1gina\">Voir qui partage une page<\/h2>\n<p>[mepr-show rules=\u00bb7898&Prime; unauth=\u00bbmessage\u00bb]<\/p>\n\n<p class=\"wp-block-paragraph\">Vous pouvez savoir qui d&rsquo;autre a acc\u00e8s \u00e0 une page car leurs avatars (photos de profil) sont visibles dans la barre en haut de la page.<\/p>\n\n<ul class=\"wp-block-list\"><li>Un avatar appara\u00eet estomp\u00e9 si cette personne ne consulte pas la page actuellement.<\/li><li>Un avatar appara\u00eet non estomp\u00e9 si la personne est actuellement sur la page.<\/li><li>En passant le curseur sur un avatar, vous verrez le nom de la personne, son e-mail et la derni\u00e8re fois qu&rsquo;elle a consult\u00e9 la page.<\/li><li>Lorsque des personnes collaborent sur la m\u00eame page en m\u00eame temps, vous verrez leurs avatars se d\u00e9placer \u00e0 c\u00f4t\u00e9 des blocs qu&rsquo;elles consultent ou modifient.<\/li><li>Cliquez sur \u2022\u2022\u2022 en haut \u00e0 droite de n&rsquo;importe quelle page et regardez la partie inf\u00e9rieure du menu qui appara\u00eet. Vous verrez qui a modifi\u00e9 la page en dernier et quand. <\/li><\/ul>\n<p>[\/mepr-show]<\/p>\n\n<h2 class=\"wp-block-heading\" id=\"18-preguntas-frecuentes\">Questions fr\u00e9quentes<\/h2>\n<p>[mepr-show rules=\u00bb7898&Prime; unauth=\u00bbmessage\u00bb]<\/p>\n\n\n\n<p class=\"wp-block-paragraph\">Il est possible que vous ayez activ\u00e9 le param\u00e8tre <code><span class=\"has-inline-color has-vivid-red-color\">Allowed Email Domains<\/span><\/code> (Domaines de messagerie autoris\u00e9s). Lorsque cette fonction est activ\u00e9e, elle permet aux personnes ayant ce domaine de messagerie de rejoindre automatiquement votre espace de travail en tant que membres. Vous pouvez d\u00e9sactiver ce param\u00e8tre dans l&rsquo;onglet <code><span class=\"has-inline-color has-vivid-red-color\">Settings<\/span><\/code> (Param\u00e8tres) de <code><span class=\"has-inline-color has-vivid-red-color\">Settings &amp; Members<\/span><\/code> (Param\u00e8tres et membres) dans la barre lat\u00e9rale gauche.  <\/p>\n\n\n\n\n\n<p class=\"wp-block-paragraph\">Vous pouvez activer <code><span class=\"has-inline-color has-vivid-red-color\">Share to the web<\/span><\/code> (Partager sur le web) dans le menu <code><span class=\"has-inline-color has-vivid-red-color\">Share<\/span><\/code> (Partager) et partager l&rsquo;URL avec eux. Tant que vous maintenez le param\u00e8tre <code><span class=\"has-inline-color has-vivid-red-color\">Search engine indexing<\/span><\/code> (indexation du moteur de recherche) d\u00e9sactiv\u00e9 par d\u00e9faut, seules les personnes disposant de cette URL exacte pourront acc\u00e9der \u00e0 la page. Elles pourront voir la page, m\u00eame si elles n&rsquo;ont pas de compte Notion. Cependant, elles ne pourront pas apporter de modifications, laisser des commentaires ou trier\/filtrer une base de donn\u00e9es.   <\/p>\n\n\n\n\n\n<p class=\"wp-block-paragraph\">Il est possible que vous ayez activ\u00e9 le param\u00e8tre <code><span class=\"has-inline-color has-vivid-red-color\">Disable export<\/span><\/code> (D\u00e9sactiver l&rsquo;exportation) dans l&rsquo;onglet <code><span class=\"has-inline-color has-vivid-red-color\">Security &amp; SAML<\/span><\/code> (Param\u00e8tres et SAML) de <code><span class=\"has-inline-color has-vivid-red-color\">Settings &amp; Members<\/span><\/code> (Param\u00e8tres et membres) dans la barre lat\u00e9rale gauche. Vous devrez \u00eatre administrateur de votre espace de travail et sur l&rsquo;application de bureau pour modifier cela. <\/p>\n\n\n\n\n\n<p class=\"wp-block-paragraph\">Malheureusement, les permissions de base de donn\u00e9es ne sont pas encore aussi granulaires. Cependant, c&rsquo;est un cas d&rsquo;utilisation l\u00e9gitime et c&rsquo;est d\u00e9finitivement quelque chose que Notion mettra en \u0153uvre \u00e0 l&rsquo;avenir. Restez \u00e0 l&rsquo;\u00e9coute !  <\/p>\n\n\n<p>[\/mepr-show]<\/p>\n","protected":false},"excerpt":{"rendered":"<p>Notion est con\u00e7u pour \u00eatre super collaboratif, il existe donc plusieurs fa\u00e7ons de partager le contenu que vous cr\u00e9ez avec d&rsquo;autres personnes. Les niveaux de permission garantissent qu&rsquo;ils acc\u00e8dent \u00e0 ce contenu exactement comme vous le souhaitez. Fa\u00e7ons de partager Il existe plusieurs fa\u00e7ons de partager les pages et les bases de donn\u00e9es que vous [&hellip;]<\/p>\n","protected":false},"author":7,"featured_media":6631,"comment_status":"open","ping_status":"open","sticky":false,"template":"","format":"standard","meta":{"_seopress_titles_title":"Comment partager des pages Notion et g\u00e9rer les permissions","_seopress_titles_desc":"Apprenez \u00e0 partager des pages et des bases de donn\u00e9es dans Notion, \u00e0 g\u00e9rer les permissions et \u00e0 inviter des collaborateurs \u00e0 l'int\u00e9rieur et \u00e0 l'ext\u00e9rieur de votre espace de travail.","_seopress_robots_index":"","_seopress_robots_follow":"","_seopress_robots_imageindex":"","_seopress_robots_snippet":"","_seopress_robots_primary_cat":"","_seopress_robots_breadcrumbs":"","_seopress_robots_freeze_modified_date":"","_seopress_robots_custom_modified_date":"","_seopress_robots_canonical":"","_seopress_social_fb_title":"","_seopress_social_fb_desc":"","_seopress_social_fb_img":"","_seopress_social_fb_img_attachment_id":0,"_seopress_social_fb_img_width":0,"_seopress_social_fb_img_height":0,"_seopress_social_twitter_title":"","_seopress_social_twitter_desc":"","_seopress_social_twitter_img":"","_seopress_social_twitter_img_attachment_id":0,"_seopress_social_twitter_img_width":0,"_seopress_social_twitter_img_height":0,"_seopress_redirections_value":"","_seopress_redirections_enabled":"","_seopress_redirections_enabled_regex":"","_seopress_redirections_logged_status":"","_seopress_redirections_param":"","_seopress_redirections_type":0,"_seopress_analysis_target_kw":"","_seopress_news_disabled":"","_seopress_video_disabled":"","_seopress_video":[],"_seopress_pro_schemas_manual":[],"_seopress_pro_rich_snippets_disable_all":"","_seopress_pro_rich_snippets_disable":[],"_seopress_pro_schemas":[],"footnotes":"","_bricks_page_content_2":[],"_bricks_page_header_2":[],"_bricks_page_footer_2":[]},"categories":[409],"tags":[410,424],"class_list":["post-6630","post","type-post","status-publish","format-standard","has-post-thumbnail","hentry","category-notion","tag-productivite","tag-travail-collaboratif"],"_links":{"self":[{"href":"https:\/\/lacolmenatecnologica.com\/fr\/wp-json\/wp\/v2\/posts\/6630","targetHints":{"allow":["GET"]}}],"collection":[{"href":"https:\/\/lacolmenatecnologica.com\/fr\/wp-json\/wp\/v2\/posts"}],"about":[{"href":"https:\/\/lacolmenatecnologica.com\/fr\/wp-json\/wp\/v2\/types\/post"}],"author":[{"embeddable":true,"href":"https:\/\/lacolmenatecnologica.com\/fr\/wp-json\/wp\/v2\/users\/7"}],"replies":[{"embeddable":true,"href":"https:\/\/lacolmenatecnologica.com\/fr\/wp-json\/wp\/v2\/comments?post=6630"}],"version-history":[{"count":1,"href":"https:\/\/lacolmenatecnologica.com\/fr\/wp-json\/wp\/v2\/posts\/6630\/revisions"}],"predecessor-version":[{"id":6632,"href":"https:\/\/lacolmenatecnologica.com\/fr\/wp-json\/wp\/v2\/posts\/6630\/revisions\/6632"}],"wp:featuredmedia":[{"embeddable":true,"href":"https:\/\/lacolmenatecnologica.com\/fr\/wp-json\/wp\/v2\/media\/6631"}],"wp:attachment":[{"href":"https:\/\/lacolmenatecnologica.com\/fr\/wp-json\/wp\/v2\/media?parent=6630"}],"wp:term":[{"taxonomy":"category","embeddable":true,"href":"https:\/\/lacolmenatecnologica.com\/fr\/wp-json\/wp\/v2\/categories?post=6630"},{"taxonomy":"post_tag","embeddable":true,"href":"https:\/\/lacolmenatecnologica.com\/fr\/wp-json\/wp\/v2\/tags?post=6630"}],"curies":[{"name":"wp","href":"https:\/\/api.w.org\/{rel}","templated":true}]}}