{"id":6981,"date":"2022-10-01T19:42:19","date_gmt":"2022-10-01T17:42:19","guid":{"rendered":"https:\/\/lacolmenatecnologica.com\/anzeigebedingungen-von-elementor\/"},"modified":"2026-09-02T22:54:40","modified_gmt":"2026-09-02T20:54:40","slug":"anzeigebedingungen-von-elementor","status":"publish","type":"post","link":"https:\/\/lacolmenatecnologica.com\/de\/anzeigebedingungen-von-elementor\/","title":{"rendered":"Anzeigebedingungen von Elementor"},"content":{"rendered":"\n<h2 class=\"wp-block-heading\" id=\"condiciones-de-visualizacion-f00a2ae7-e837-44bb-9d0c-3b1820798b73\">Anzeigebedingungen<\/h2>\n\n<p class=\"wp-block-paragraph\">In einem anderen Beitrag haben wir gesehen, wie man <a href=\"#editar-condiciones-de-visualizacion-aed45709-f91a-4a96-bb22-40ce2598fca1\">Anzeigebedingungen festlegt oder \u00e4ndert<\/a>; in diesem Beitrag erkl\u00e4ren wir, was sie sind und wie wir sie nutzen k\u00f6nnen. Ab Version <em>Elementor 2.0<\/em> hat Elementor globale Vorlagen wie <em>Header<\/em> und <em>Footer<\/em> hinzugef\u00fcgt. Diese Vorlagen werden auf Ihrer gesamten Website oder in jeder von Ihnen gew\u00e4hlten Kombination von Seiten angezeigt.  <\/p>\n\n<h3 class=\"wp-block-heading\" id=\"que-son-las-condiciones-de-visualizacion-44f17a91-04aa-45f1-a6d7-9b0ad2b4458a\">Was sind Anzeigebedingungen?<\/h3>\n\n<p class=\"wp-block-paragraph\">Mit den <em>Anzeigebedingungen<\/em> k\u00f6nnen wir genau festlegen, wo jede Vorlage angezeigt wird \u2013 entweder auf der gesamten Website, auf allen Seiten, in allen Beitr\u00e4gen, in einer bestimmten Kategorie, Taxonomie oder auf einer bestimmten Seite. Jede <em>Bedingungs<\/em>-Konfiguration erm\u00f6glicht es Ihnen, eine Bedingung <em>einzuschlie\u00dfen<\/em> oder <em>auszuschlie\u00dfen<\/em>. <\/p>\n\n<p class=\"wp-block-paragraph\">Zum Beispiel haben wir eine <em>Header<\/em>-Vorlage mit der Bedingung <strong>Einschlie\u00dfen<\/strong> <em>Gesamte Website<\/em>. Wir k\u00f6nnen eine zweite Bedingung <strong>Ausschlie\u00dfen<\/strong> f\u00fcr eine bestimmte Seite hinzuf\u00fcgen: Nehmen wir die Startseite. So wird dieser Header auf der gesamten Website angezeigt \u2013 au\u00dfer auf der Startseite.  <\/p>\n<div class=\"wp-block-image\">\n<figure class=\"aligncenter size-full is-resized\"><a href=\"https:\/\/lacolmenatecnologica.com\/wp-content\/uploads\/2025\/12\/condicion-todo-el-sitio-y-pagina-de-portada.gif\"><img loading=\"lazy\" decoding=\"async\" width=\"1409\" height=\"907\" src=\"https:\/\/lacolmenatecnologica.com\/wp-content\/uploads\/2025\/12\/condicion-todo-el-sitio-y-pagina-de-portada.gif\" alt=\"Bedingung &#x201E;Gesamte Website&#x201C; und Startseite\" class=\"wp-image-4703\" style=\"width:741px;height:476px\"\/><\/a><\/figure>\n<\/div>\n<blockquote class=\"wp-block-quote is-layout-flow wp-block-quote-is-layout-flow\">\n<p class=\"wp-block-paragraph\"><strong>Hinweis<\/strong>: Anzeigebedingungen k\u00f6nnen nur in den Vorlagen des <em><a href=\"https:\/\/lacolmenatecnologica.com\/maquetador-de-temas-de-elementor\/\">Theme-Builders<\/a><\/em> verwendet werden. Sie k\u00f6nnen mehr als einen Header erstellen und ihn verschiedenen Bereichen Ihrer Website zuweisen. <\/p>\n<\/blockquote>\n\n<h3 class=\"wp-block-heading\" id=\"esquema-de-condiciones-f5113146-da32-460f-87ff-d4bf220cb4a9\">Schema der Anzeigebedingungen<\/h3>\n\n<p class=\"wp-block-paragraph\">Je nachdem, ob wir <strong>EINSCHLIESSEN<\/strong> oder <strong>AUSSCHLIESSEN<\/strong> ausw\u00e4hlen, sorgen diese Bedingungen daf\u00fcr, dass eine globale Vorlage des <a href=\"https:\/\/lacolmenatecnologica.com\/maquetador-de-temas-de-elementor\/\">Theme-Builders<\/a> angezeigt wird (EINSCHLIESSEN) oder nicht angezeigt wird (AUSSCHLIESSEN).<\/p>\n\n<blockquote class=\"wp-block-quote is-layout-flow wp-block-quote-is-layout-flow\">\n<p class=\"wp-block-paragraph\"><strong>Was ist ein Archiv in WordPress? <\/strong>Archive sind alle Listen von Beitr\u00e4gen, die etwas gemeinsam haben. Zum Beispiel ist das Beitragsarchiv eine Liste mit allen ver\u00f6ffentlichten Beitr\u00e4gen. Sie k\u00f6nnen ein Archiv nach Ver\u00f6ffentlichungsdatum, Inhaltstyp, Autor oder Taxonomie auflisten.  <\/p>\n<\/blockquote>\n\n<ul class=\"wp-block-list\">\n<li><strong>Allgemein<\/strong>\n<ul class=\"wp-block-list\">\n<li><mark style=\"background-color:var(--ast-global-color-6)\" class=\"has-inline-color\">Gesamte Website<\/mark> (wird auf der gesamten Website angezeigt)<\/li>\n\n\n\n<li><mark style=\"background-color:var(--ast-global-color-6)\" class=\"has-inline-color\">Archive<\/mark>\n<ul class=\"wp-block-list\">\n<li><mark style=\"background-color:var(--ast-global-color-6)\" class=\"has-inline-color\">Alle Archive<\/mark><\/li>\n\n\n\n<li><mark style=\"background-color:var(--ast-global-color-6)\" class=\"has-inline-color\">Autorenarchiv <\/mark>\n<ul class=\"wp-block-list\">\n<li><mark style=\"background-color:var(--ast-global-color-6)\" class=\"has-inline-color\">Alle<\/mark> (im Archiv jedes Autors)<\/li>\n\n\n\n<li><mark style=\"background-color:var(--ast-global-color-6)\" class=\"has-inline-color\">Erm\u00f6glicht die Auswahl eines vorhandenen Autors<\/mark> (nur im Archiv des ausgew\u00e4hlten Autors)<\/li>\n<\/ul>\n<\/li>\n\n\n\n<li><mark style=\"background-color:var(--ast-global-color-6)\" class=\"has-inline-color\">Archivdatum<\/mark> (z. B. wenn Sie die Beitr\u00e4ge vom Januar 2022 auflisten \u2013 https:\/\/dominio.com\/2022\/07\/)<\/li>\n\n\n\n<li><mark style=\"background-color:var(--ast-global-color-6)\" class=\"has-inline-color\">Suchergebnisse<\/mark> (im Archiv, das angezeigt wird, wenn wir nach einem Keyword suchen)<\/li>\n\n\n\n<li><strong>Beitragsarchiv<\/strong>\n<ul class=\"wp-block-list\">\n<li><mark style=\"background-color:var(--ast-global-color-6)\" class=\"has-inline-color\">Beitragsarchiv<\/mark><\/li>\n\n\n\n<li><mark style=\"background-color:var(--ast-global-color-6)\" class=\"has-inline-color\">Kategorien<\/mark>\n<ul class=\"wp-block-list\">\n<li><mark style=\"background-color:var(--ast-global-color-6)\" class=\"has-inline-color\">Alle<\/mark> (alle Kategoriearchive)<\/li>\n\n\n\n<li><em><mark style=\"background-color:var(--ast-global-color-6)\" class=\"has-inline-color\">Erm\u00f6glicht die Auswahl einer vorhandenen Kategorie<\/mark><\/em> (nur in Archiven der ausgew\u00e4hlten Kategorie \u2013 https:\/\/dominio.com\/category\/noticias\/)<\/li>\n<\/ul>\n<\/li>\n\n\n\n<li><mark style=\"background-color:var(--ast-global-color-6)\" class=\"has-inline-color\">Direkte Unterkategorie von<\/mark> (Archive von direkten Unterkategorien einer Kategorie, aber nicht in den Unterkategorien dieser Unterkategorien)\n<ul class=\"wp-block-list\">\n<li><mark style=\"background-color:var(--ast-global-color-6)\" class=\"has-inline-color\">Alle<\/mark> (Archive aller Unterkategorien jeder Kategorie, aber nicht in den Unterkategorien dieser Unterkategorien)<\/li>\n\n\n\n<li><em><mark style=\"background-color:var(--ast-global-color-6)\" class=\"has-inline-color\">Erm\u00f6glicht die Auswahl einer vorhandenen Kategorie<\/mark><\/em> (nur in Archiven von Unterkategorien der ausgew\u00e4hlten Kategorie, aber nicht in den Unterkategorien dieser Unterkategorien)<\/li>\n<\/ul>\n<\/li>\n\n\n\n<li><mark style=\"background-color:var(--ast-global-color-6)\" class=\"has-inline-color\">Beliebige Unterkategorie von<\/mark>\n<ul class=\"wp-block-list\">\n<li><mark style=\"background-color:var(--ast-global-color-6)\" class=\"has-inline-color\">Alle<\/mark> (Archive aller Unterkategorien jeder Kategorie und auch in den Unterkategorien dieser Unterkategorien)<\/li>\n\n\n\n<li><em><mark style=\"background-color:var(--ast-global-color-6)\" class=\"has-inline-color\">Erm\u00f6glicht die Auswahl einer vorhandenen Kategorie<\/mark><\/em> (nur in Archiven von Unterkategorien der ausgew\u00e4hlten Kategorie und auch in den Unterkategorien dieser Unterkategorien)<\/li>\n<\/ul>\n<\/li>\n\n\n\n<li><mark style=\"background-color:var(--ast-global-color-6)\" class=\"has-inline-color\">Schlagw\u00f6rter<\/mark>\n<ul class=\"wp-block-list\">\n<li><mark style=\"background-color:var(--ast-global-color-6)\" class=\"has-inline-color\">Alle<\/mark> (das Archiv jedes Schlagworts)<\/li>\n\n\n\n<li><em><mark style=\"background-color:var(--ast-global-color-6)\" class=\"has-inline-color\">Erm\u00f6glicht die Auswahl eines vorhandenen Schlagworts<\/mark><\/em> (nur Archive des ausgew\u00e4hlten Schlagworts \u2013 https:\/\/dominio.com\/tag\/oferta\/)<\/li>\n<\/ul>\n<\/li>\n<\/ul>\n<\/li>\n<\/ul>\n<\/li>\n\n\n\n<li><mark style=\"background-color:var(--ast-global-color-6)\" class=\"has-inline-color\">Einzeln<\/mark> (mit \u201eEinzeln\u201c sind einzelne Seiten oder einzelne Beitr\u00e4ge gemeint, also eine einzelne Ver\u00f6ffentlichung wie ein Beitrag oder eine Seite)\n<ul class=\"wp-block-list\">\n<li><mark style=\"background-color:var(--ast-global-color-6)\" class=\"has-inline-color\">Alle Einzelseiten<\/mark> (alle einzelnen Seiten, Beitr\u00e4ge und auch, wenn wir Custom Post Types haben)<\/li>\n\n\n\n<li><mark style=\"background-color:var(--ast-global-color-6)\" class=\"has-inline-color\">Startseite<\/mark> (bezieht sich auf die Seite, die wir als Startseite unter <em>Einstellungen<\/em> &gt; <em>Lesen<\/em> ausgew\u00e4hlt haben)<\/li>\n\n\n\n<li><strong>Beitrag<\/strong>\n<ul class=\"wp-block-list\">\n<li><mark style=\"background-color:var(--ast-global-color-6)\" class=\"has-inline-color\">Beitr\u00e4ge<\/mark>\n<ul class=\"wp-block-list\">\n<li><mark style=\"background-color:var(--ast-global-color-6)\" class=\"has-inline-color\">Alle<\/mark> (alle Beitr\u00e4ge)<\/li>\n\n\n\n<li><em><mark style=\"background-color:var(--ast-global-color-6)\" class=\"has-inline-color\">Erm\u00f6glicht die Auswahl eines vorhandenen Beitrags<\/mark><\/em> (wird nur im ausgew\u00e4hlten Beitrag angezeigt)<\/li>\n<\/ul>\n<\/li>\n\n\n\n<li><mark style=\"background-color:var(--ast-global-color-6)\" class=\"has-inline-color\">In Kategorie<\/mark>\n<ul class=\"wp-block-list\">\n<li><mark style=\"background-color:var(--ast-global-color-6)\" class=\"has-inline-color\">Alle<\/mark> (wird in allen Beitr\u00e4gen angezeigt, denen mindestens eine Kategorie zugewiesen ist)<\/li>\n\n\n\n<li><em><mark style=\"background-color:var(--ast-global-color-6)\" class=\"has-inline-color\">Erm\u00f6glicht die Auswahl einer vorhandenen Kategorie<\/mark><\/em> (es werden nur Beitr\u00e4ge angezeigt, denen die ausgew\u00e4hlte Kategorie zugewiesen ist)<\/li>\n<\/ul>\n<\/li>\n\n\n\n<li><mark style=\"background-color:var(--ast-global-color-6)\" class=\"has-inline-color\">In einer Unterkategorie von Kategorien<\/mark>\n<ul class=\"wp-block-list\">\n<li><mark style=\"background-color:var(--ast-global-color-6)\" class=\"has-inline-color\">Alle<\/mark> (Beitr\u00e4ge, denen eine beliebige Unterkategorie zugewiesen ist)<\/li>\n\n\n\n<li><em><mark style=\"background-color:var(--ast-global-color-6)\" class=\"has-inline-color\">Erm\u00f6glicht die Auswahl einer vorhandenen Kategorie<\/mark><\/em> (es werden nur Beitr\u00e4ge angezeigt, denen eine beliebige Unterkategorie \u2013 direkt oder nicht \u2013 der ausgew\u00e4hlten Kategorie zugewiesen ist)<\/li>\n<\/ul>\n<\/li>\n\n\n\n<li><mark style=\"background-color:var(--ast-global-color-6)\" class=\"has-inline-color\">In Schlagwort<\/mark>\n<ul class=\"wp-block-list\">\n<li><mark style=\"background-color:var(--ast-global-color-6)\" class=\"has-inline-color\">Alle<\/mark> (Beitr\u00e4ge, denen ein beliebiges Schlagwort zugewiesen ist)<\/li>\n\n\n\n<li><em><mark style=\"background-color:var(--ast-global-color-6)\" class=\"has-inline-color\">Erm\u00f6glicht die Auswahl einer vorhandenen Kategorie<\/mark><\/em> (es werden nur Beitr\u00e4ge angezeigt, denen das ausgew\u00e4hlte Schlagwort zugewiesen ist)<\/li>\n<\/ul>\n<\/li>\n\n\n\n<li><mark style=\"background-color:var(--ast-global-color-6)\" class=\"has-inline-color\">Beitr\u00e4ge nach Autor<\/mark>\n<ul class=\"wp-block-list\">\n<li><mark style=\"background-color:var(--ast-global-color-6)\" class=\"has-inline-color\">Alle<\/mark> (Beitr\u00e4ge von jedem Autor)<\/li>\n\n\n\n<li><em><mark style=\"background-color:var(--ast-global-color-6)\" class=\"has-inline-color\">Erm\u00f6glicht die Auswahl eines vorhandenen Autors<\/mark><\/em> (es werden nur Beitr\u00e4ge des ausgew\u00e4hlten Autors angezeigt)<\/li>\n<\/ul>\n<\/li>\n<\/ul>\n<\/li>\n\n\n\n<li><strong>Seite<\/strong>\n<ul class=\"wp-block-list\">\n<li><mark style=\"background-color:var(--ast-global-color-6)\" class=\"has-inline-color\">Seiten<\/mark>\n<ul class=\"wp-block-list\">\n<li><mark style=\"background-color:var(--ast-global-color-6)\" class=\"has-inline-color\">Alle<\/mark> (alle Seiten)<\/li>\n\n\n\n<li><em><mark style=\"background-color:var(--ast-global-color-6)\" class=\"has-inline-color\">Erm\u00f6glicht die Auswahl einer vorhandenen Seite<\/mark><\/em> (wird nur auf der ausgew\u00e4hlten Seite angezeigt)<\/li>\n<\/ul>\n<\/li>\n\n\n\n<li><mark style=\"background-color:var(--ast-global-color-6)\" class=\"has-inline-color\">Seiten nach Autor<\/mark>\n<ul class=\"wp-block-list\">\n<li><mark style=\"background-color:var(--ast-global-color-6)\" class=\"has-inline-color\">Alle<\/mark> (Seiten von jedem Autor)<\/li>\n\n\n\n<li><em><mark style=\"background-color:var(--ast-global-color-6)\" class=\"has-inline-color\">Erm\u00f6glicht die Auswahl eines vorhandenen Autors<\/mark><\/em> (es werden nur Seiten des ausgew\u00e4hlten Autors angezeigt)<\/li>\n<\/ul>\n<\/li>\n<\/ul>\n<\/li>\n\n\n\n<li><mark style=\"background-color:var(--ast-global-color-6)\" class=\"has-inline-color\">Landingpages<\/mark>\n<ul class=\"wp-block-list\">\n<li><mark style=\"background-color:var(--ast-global-color-6)\" class=\"has-inline-color\">Alle<\/mark> (alle Landingpages)<\/li>\n\n\n\n<li><em><mark style=\"background-color:var(--ast-global-color-6)\" class=\"has-inline-color\">Erm\u00f6glicht die Auswahl einer vorhandenen Landingpage<\/mark><\/em> (wird nur auf der ausgew\u00e4hlten Landingpage angezeigt)<\/li>\n<\/ul>\n<\/li>\n\n\n\n<li><strong>Medien<\/strong>\n<ul class=\"wp-block-list\">\n<li><mark style=\"background-color:var(--ast-global-color-6)\" class=\"has-inline-color\">Medien<\/mark>\n<ul class=\"wp-block-list\">\n<li><mark style=\"background-color:var(--ast-global-color-6)\" class=\"has-inline-color\">Alle<\/mark> (in allen Mediendokumenten)<\/li>\n\n\n\n<li><em><mark style=\"background-color:var(--ast-global-color-6)\" class=\"has-inline-color\">Erm\u00f6glicht die Auswahl eines vorhandenen Mediums<\/mark><\/em> (wird nur im Dokument des ausgew\u00e4hlten Mediums angezeigt)<\/li>\n<\/ul>\n<\/li>\n\n\n\n<li><mark style=\"background-color:var(--ast-global-color-6)\" class=\"has-inline-color\">Medien nach Autor<\/mark>\n<ul class=\"wp-block-list\">\n<li><mark style=\"background-color:var(--ast-global-color-6)\" class=\"has-inline-color\">Alle<\/mark> (in Mediendokumenten jedes Autors)<\/li>\n\n\n\n<li><em><mark style=\"background-color:var(--ast-global-color-6)\" class=\"has-inline-color\">Erm\u00f6glicht die Auswahl eines vorhandenen Autors<\/mark><\/em> (es werden nur Mediendokumente des ausgew\u00e4hlten Autors angezeigt)<\/li>\n<\/ul>\n<\/li>\n<\/ul>\n<\/li>\n\n\n\n<li><mark style=\"background-color:var(--ast-global-color-6)\" class=\"has-inline-color\">Direktes Kind von<\/mark>\n<ul class=\"wp-block-list\">\n<li><mark style=\"background-color:var(--ast-global-color-6)\" class=\"has-inline-color\">Alle<\/mark> (auf allen Seiten und CPTs, sofern hierarchische vorhanden sind, die direkte Kinder von anderen sind)<\/li>\n\n\n\n<li><em><mark style=\"background-color:var(--ast-global-color-6)\" class=\"has-inline-color\">Erm\u00f6glicht die Auswahl einer Seite oder eines CPT<\/mark><\/em> (Seiten oder CPTs, die direkte Kinder der ausgew\u00e4hlten Seite bzw. des ausgew\u00e4hlten CPT sind)<\/li>\n<\/ul>\n<\/li>\n\n\n\n<li><mark style=\"background-color:var(--ast-global-color-6)\" class=\"has-inline-color\">Beliebiges Kind von<\/mark>\n<ul class=\"wp-block-list\">\n<li><mark style=\"background-color:var(--ast-global-color-6)\" class=\"has-inline-color\">Alle<\/mark> (auf allen Seiten oder CPTs, die Kinder, Enkel, \u2026 sind)<\/li>\n\n\n\n<li><em><mark style=\"background-color:var(--ast-global-color-6)\" class=\"has-inline-color\">Erm\u00f6glicht die Auswahl einer Seite oder eines CPT<\/mark><\/em> (Seiten oder CPTs, die Kinder, Enkel, \u2026 der ausgew\u00e4hlten Seite bzw. des ausgew\u00e4hlten CPT sind)<\/li>\n<\/ul>\n<\/li>\n\n\n\n<li><mark style=\"background-color:var(--ast-global-color-6)\" class=\"has-inline-color\">Nach Autor<\/mark>\n<ul class=\"wp-block-list\">\n<li><mark style=\"background-color:var(--ast-global-color-6)\" class=\"has-inline-color\">Alle<\/mark> (in allen Dokumenten jedes Autors)<\/li>\n\n\n\n<li><em><mark style=\"background-color:var(--ast-global-color-6)\" class=\"has-inline-color\">Erm\u00f6glicht die Auswahl eines Autors<\/mark><\/em> (auf der Seite, im Beitrag, Medium, CPT, \u2026 des ausgew\u00e4hlten Autors)<\/li>\n<\/ul>\n<\/li>\n\n\n\n<li><mark style=\"background-color:var(--ast-global-color-6)\" class=\"has-inline-color\">404-Seite<\/mark> (nur auf der 404-Seite, die standardm\u00e4\u00dfig angezeigt wird, wenn die URL, auf die Sie zugreifen m\u00f6chten, nicht existiert)<\/li>\n<\/ul>\n<\/li>\n<\/ul>\n<\/li>\n<\/ul>\n\n<h4 class=\"wp-block-heading\" id=\"ejemplos-de-condiciones-de-visualizacion-02e13760-b50e-4db8-bdf8-5754e34a8e43\">Beispiele f\u00fcr Anzeigebedingungen<\/h4>\n\n<p class=\"wp-block-paragraph\">Einen Header oder Footer f\u00fcr die gesamte Website festlegen<\/p>\n<div class=\"wp-block-image\">\n<figure class=\"aligncenter size-full\"><a href=\"https:\/\/lacolmenatecnologica.com\/wp-content\/uploads\/2025\/12\/condicion-todo-el-sitio.jpg\"><img loading=\"lazy\" decoding=\"async\" width=\"868\" height=\"74\" src=\"https:\/\/lacolmenatecnologica.com\/wp-content\/uploads\/2025\/12\/condicion-todo-el-sitio.jpg\" alt=\"Bedingung: Gesamte Website\" class=\"wp-image-4704\" srcset=\"https:\/\/lacolmenatecnologica.com\/wp-content\/uploads\/2025\/12\/condicion-todo-el-sitio.jpg 868w, https:\/\/lacolmenatecnologica.com\/wp-content\/uploads\/2025\/12\/condicion-todo-el-sitio-500x43.jpg 500w, https:\/\/lacolmenatecnologica.com\/wp-content\/uploads\/2025\/12\/condicion-todo-el-sitio-768x65.jpg 768w, https:\/\/lacolmenatecnologica.com\/wp-content\/uploads\/2025\/12\/condicion-todo-el-sitio-600x51.jpg 600w\" sizes=\"auto, (max-width: 868px) 100vw, 868px\" \/><\/a><\/figure>\n<\/div>\n<div style=\"height:35px\" aria-hidden=\"true\" class=\"wp-block-spacer\"><\/div>\n\n<blockquote class=\"wp-block-quote is-layout-flow wp-block-quote-is-layout-flow\">\n<p class=\"wp-block-paragraph\">Alle Zuordnungen, die wir unter <em><strong>Einzeln<\/strong><\/em> vornehmen k\u00f6nnen, zum Beispiel  <strong>Einzeln &gt; Beitr\u00e4ge &gt; Alle<\/strong>,  <strong>Einzeln &gt; Seiten &gt; Alle<\/strong>, <strong>\u2026<\/strong> haben Vorrang vor <strong>Gesamte Website<\/strong>. Das hei\u00dft: Wenn wir einen Header oder Footer erstellen und ihn <strong>Einzeln &gt; Beitr\u00e4ge &gt; Alle<\/strong> zuweisen, hat dieser Vorrang vor dem Header oder Footer, den wir <strong>Gesamte Website<\/strong> zugewiesen haben, und alle Beitr\u00e4ge erhalten einen anderen Header oder Footer als der Rest der Website.<\/p>\n<\/blockquote>\n\n<hr class=\"wp-block-separator has-text-color has-ast-global-color-6-color has-alpha-channel-opacity has-ast-global-color-6-background-color has-background is-style-wide\"\/>\n\n<p class=\"wp-block-paragraph\">Einen Header oder Footer f\u00fcr die gesamte Website festlegen \u2013 au\u00dfer f\u00fcr die Startseite<\/p>\n<div class=\"wp-block-image\">\n<figure class=\"aligncenter size-full\"><a href=\"https:\/\/lacolmenatecnologica.com\/wp-content\/uploads\/2025\/12\/condicion-todo-el-sitio-excepto-pagina-de-inicio.jpg\"><img loading=\"lazy\" decoding=\"async\" width=\"874\" height=\"134\" src=\"https:\/\/lacolmenatecnologica.com\/wp-content\/uploads\/2025\/12\/condicion-todo-el-sitio-excepto-pagina-de-inicio.jpg\" alt=\"Bedingung: Gesamte Website au&#xDF;er Startseite\" class=\"wp-image-4705\" srcset=\"https:\/\/lacolmenatecnologica.com\/wp-content\/uploads\/2025\/12\/condicion-todo-el-sitio-excepto-pagina-de-inicio.jpg 874w, https:\/\/lacolmenatecnologica.com\/wp-content\/uploads\/2025\/12\/condicion-todo-el-sitio-excepto-pagina-de-inicio-500x77.jpg 500w, https:\/\/lacolmenatecnologica.com\/wp-content\/uploads\/2025\/12\/condicion-todo-el-sitio-excepto-pagina-de-inicio-768x118.jpg 768w, https:\/\/lacolmenatecnologica.com\/wp-content\/uploads\/2025\/12\/condicion-todo-el-sitio-excepto-pagina-de-inicio-600x92.jpg 600w\" sizes=\"auto, (max-width: 874px) 100vw, 874px\" \/><\/a><\/figure>\n<\/div>\n<blockquote class=\"wp-block-quote is-layout-flow wp-block-quote-is-layout-flow\">\n<p class=\"wp-block-paragraph\">Mit dieser Konfiguration sollten wir einen weiteren, anderen Header oder Footer erstellen und ihn der <strong>Startseite<\/strong> zuweisen.<\/p>\n<\/blockquote>\n\n<hr class=\"wp-block-separator has-text-color has-ast-global-color-6-color has-alpha-channel-opacity has-ast-global-color-6-background-color has-background is-style-wide\"\/>\n\n<p class=\"wp-block-paragraph\">Einen anderen Header oder Footer f\u00fcr die Blogbeitr\u00e4ge festlegen.<\/p>\n<div class=\"wp-block-image\">\n<figure class=\"aligncenter size-full\"><a href=\"https:\/\/lacolmenatecnologica.com\/wp-content\/uploads\/2025\/12\/condicion-para-entradas-del-blog.jpg\"><img loading=\"lazy\" decoding=\"async\" width=\"870\" height=\"73\" src=\"https:\/\/lacolmenatecnologica.com\/wp-content\/uploads\/2025\/12\/condicion-para-entradas-del-blog.jpg\" alt=\"Bedingung f&#xFC;r Blogbeitr&#xE4;ge\" class=\"wp-image-4706\" srcset=\"https:\/\/lacolmenatecnologica.com\/wp-content\/uploads\/2025\/12\/condicion-para-entradas-del-blog.jpg 870w, https:\/\/lacolmenatecnologica.com\/wp-content\/uploads\/2025\/12\/condicion-para-entradas-del-blog-500x42.jpg 500w, https:\/\/lacolmenatecnologica.com\/wp-content\/uploads\/2025\/12\/condicion-para-entradas-del-blog-768x64.jpg 768w, https:\/\/lacolmenatecnologica.com\/wp-content\/uploads\/2025\/12\/condicion-para-entradas-del-blog-600x50.jpg 600w\" sizes=\"auto, (max-width: 870px) 100vw, 870px\" \/><\/a><\/figure>\n<\/div>\n<blockquote class=\"wp-block-quote is-layout-flow wp-block-quote-is-layout-flow\">\n<p class=\"wp-block-paragraph\">Wenn wir das tun, m\u00fcssen wir bereits einen Header oder Footer f\u00fcr den Rest der Website zugewiesen haben, also <strong>Gesamte Website<\/strong>.<\/p>\n<\/blockquote>\n\n<hr class=\"wp-block-separator has-text-color has-ast-global-color-6-color has-alpha-channel-opacity has-ast-global-color-6-background-color has-background is-style-wide\"\/>\n\n<p class=\"wp-block-paragraph\">Einen Header oder Footer f\u00fcr eine bestimmte Seite festlegen.<\/p>\n<div class=\"wp-block-image\">\n<figure class=\"aligncenter size-full\"><a href=\"https:\/\/lacolmenatecnologica.com\/wp-content\/uploads\/2025\/12\/condicion-para-una-pagina-concreta.gif\"><img loading=\"lazy\" decoding=\"async\" width=\"868\" height=\"284\" src=\"https:\/\/lacolmenatecnologica.com\/wp-content\/uploads\/2025\/12\/condicion-para-una-pagina-concreta.gif\" alt=\"Bedingung f&#xFC;r eine bestimmte Seite\" class=\"wp-image-4707\"\/><\/a><\/figure>\n<\/div>\n<blockquote class=\"wp-block-quote is-layout-flow wp-block-quote-is-layout-flow\">\n<p class=\"wp-block-paragraph\">In diesem Fall weisen wir diesen Header oder Footer einer Seite zu, deren Titel <strong>\u201eSeite 1\u201c<\/strong> lautet.<\/p>\n<\/blockquote>\n\n<hr class=\"wp-block-separator has-text-color has-ast-global-color-6-color has-alpha-channel-opacity has-ast-global-color-6-background-color has-background is-style-wide\"\/>\n\n<p class=\"wp-block-paragraph\">Einen Header oder Footer f\u00fcr Beitr\u00e4ge festlegen, denen die Kategorie <strong>\u201eNews\u201c<\/strong> zugewiesen ist.<\/p>\n<div class=\"wp-block-image\">\n<figure class=\"aligncenter size-full\"><a href=\"https:\/\/lacolmenatecnologica.com\/wp-content\/uploads\/2025\/12\/condicion-entradas-de-una-categoria-concreta.jpg\"><img loading=\"lazy\" decoding=\"async\" width=\"868\" height=\"75\" src=\"https:\/\/lacolmenatecnologica.com\/wp-content\/uploads\/2025\/12\/condicion-entradas-de-una-categoria-concreta.jpg\" alt=\"Bedingung: Beitr&#xE4;ge einer bestimmten Kategorie\" class=\"wp-image-4708\" srcset=\"https:\/\/lacolmenatecnologica.com\/wp-content\/uploads\/2025\/12\/condicion-entradas-de-una-categoria-concreta.jpg 868w, https:\/\/lacolmenatecnologica.com\/wp-content\/uploads\/2025\/12\/condicion-entradas-de-una-categoria-concreta-500x43.jpg 500w, https:\/\/lacolmenatecnologica.com\/wp-content\/uploads\/2025\/12\/condicion-entradas-de-una-categoria-concreta-768x66.jpg 768w, https:\/\/lacolmenatecnologica.com\/wp-content\/uploads\/2025\/12\/condicion-entradas-de-una-categoria-concreta-600x52.jpg 600w\" sizes=\"auto, (max-width: 868px) 100vw, 868px\" \/><\/a><\/figure>\n<\/div>\n<blockquote class=\"wp-block-quote is-layout-flow wp-block-quote-is-layout-flow\">\n<p class=\"wp-block-paragraph\">Wie Sie sehen, gibt es sehr spezifische Konfigurationen, mit denen Sie Ihre Website maximal anpassen k\u00f6nnen.<\/p>\n<\/blockquote>\n","protected":false},"excerpt":{"rendered":"<p>Anzeigebedingungen In einem anderen Beitrag haben wir gesehen, wie man Anzeigebedingungen festlegt oder \u00e4ndert; in diesem Beitrag erkl\u00e4ren wir, was sie sind und wie wir sie nutzen k\u00f6nnen. Ab Version Elementor 2.0 hat Elementor globale Vorlagen wie Header und Footer hinzugef\u00fcgt. Diese Vorlagen werden auf Ihrer gesamten Website oder in jeder von Ihnen gew\u00e4hlten Kombination [&hellip;]<\/p>\n","protected":false},"author":4,"featured_media":6982,"comment_status":"open","ping_status":"open","sticky":false,"template":"","format":"standard","meta":{"_seopress_titles_title":"Elementor-Anzeigebedingungen einfach richtig einsetzen","_seopress_titles_desc":"Anzeigebedingungen In einem anderen Beitrag haben wir gesehen, wie man Anzeigebedingungen festlegt oder \u00e4ndert; in diesem Beitrag erkl\u00e4ren wir, was sie sind und \u2026","_seopress_robots_index":"","_seopress_robots_follow":"","_seopress_robots_imageindex":"","_seopress_robots_snippet":"","_seopress_robots_primary_cat":"none","_seopress_robots_breadcrumbs":"","_seopress_robots_freeze_modified_date":"","_seopress_robots_custom_modified_date":"","_seopress_robots_canonical":"","_seopress_social_fb_title":"","_seopress_social_fb_desc":"","_seopress_social_fb_img":"","_seopress_social_fb_img_attachment_id":0,"_seopress_social_fb_img_width":0,"_seopress_social_fb_img_height":0,"_seopress_social_twitter_title":"","_seopress_social_twitter_desc":"","_seopress_social_twitter_img":"","_seopress_social_twitter_img_attachment_id":0,"_seopress_social_twitter_img_width":0,"_seopress_social_twitter_img_height":0,"_seopress_redirections_value":"","_seopress_redirections_enabled":"","_seopress_redirections_enabled_regex":"","_seopress_redirections_logged_status":"both","_seopress_redirections_param":"","_seopress_redirections_type":301,"_seopress_analysis_target_kw":"","_seopress_news_disabled":"","_seopress_video_disabled":"","_seopress_video":[],"_seopress_pro_schemas_manual":[],"_seopress_pro_rich_snippets_disable_all":"","_seopress_pro_rich_snippets_disable":[],"_seopress_pro_schemas":[],"footnotes":"","_bricks_page_content_2":[],"_bricks_page_header_2":[],"_bricks_page_footer_2":[]},"categories":[402],"tags":[434,433],"class_list":["post-6981","post","type-post","status-publish","format-standard","has-post-thumbnail","hentry","category-elementor","tag-elementor-vorlagen","tag-webdesign"],"_links":{"self":[{"href":"https:\/\/lacolmenatecnologica.com\/de\/wp-json\/wp\/v2\/posts\/6981","targetHints":{"allow":["GET"]}}],"collection":[{"href":"https:\/\/lacolmenatecnologica.com\/de\/wp-json\/wp\/v2\/posts"}],"about":[{"href":"https:\/\/lacolmenatecnologica.com\/de\/wp-json\/wp\/v2\/types\/post"}],"author":[{"embeddable":true,"href":"https:\/\/lacolmenatecnologica.com\/de\/wp-json\/wp\/v2\/users\/4"}],"replies":[{"embeddable":true,"href":"https:\/\/lacolmenatecnologica.com\/de\/wp-json\/wp\/v2\/comments?post=6981"}],"version-history":[{"count":1,"href":"https:\/\/lacolmenatecnologica.com\/de\/wp-json\/wp\/v2\/posts\/6981\/revisions"}],"predecessor-version":[{"id":6983,"href":"https:\/\/lacolmenatecnologica.com\/de\/wp-json\/wp\/v2\/posts\/6981\/revisions\/6983"}],"wp:featuredmedia":[{"embeddable":true,"href":"https:\/\/lacolmenatecnologica.com\/de\/wp-json\/wp\/v2\/media\/6982"}],"wp:attachment":[{"href":"https:\/\/lacolmenatecnologica.com\/de\/wp-json\/wp\/v2\/media?parent=6981"}],"wp:term":[{"taxonomy":"category","embeddable":true,"href":"https:\/\/lacolmenatecnologica.com\/de\/wp-json\/wp\/v2\/categories?post=6981"},{"taxonomy":"post_tag","embeddable":true,"href":"https:\/\/lacolmenatecnologica.com\/de\/wp-json\/wp\/v2\/tags?post=6981"}],"curies":[{"name":"wp","href":"https:\/\/api.w.org\/{rel}","templated":true}]}}